{"id":6671,"date":"2020-11-26T11:39:20","date_gmt":"2020-11-26T14:39:20","guid":{"rendered":"https:\/\/tvc16.com\/portal\/?p=6671"},"modified":"2020-11-26T11:39:23","modified_gmt":"2020-11-26T14:39:23","slug":"pais-registra-criacao-de-3949-mil-vagas-de-emprego-em-outubro","status":"publish","type":"post","link":"https:\/\/tvc16.com\/portal\/2020\/11\/26\/pais-registra-criacao-de-3949-mil-vagas-de-emprego-em-outubro\/","title":{"rendered":"Pa\u00eds registra cria\u00e7\u00e3o de 394,9 mil vagas de emprego em outubro"},"content":{"rendered":"\n<p>\u00c9 o quarto m\u00eas seguido de gera\u00e7\u00e3o de emprego<\/p>\n\n\n\n<h4 class=\"wp-block-heading\">Por Kelly Oliveira &#8211; Rep\u00f3rter da Ag\u00eancia Brasil &#8211; Bras\u00edlia<\/h4>\n\n\n\n<p>Pelo quarto m\u00eas consecutivo, o saldo de&nbsp;gera\u00e7\u00e3o de empregos ficou positivo. Foram criadas 394.989 vagas com carteira assinada em outubro, resultado de 1.548.628 admiss\u00f5es e de 1.153.639 desligamentos. O resultado recorde na s\u00e9rie hist\u00f3rica iniciada em 1992 est\u00e1 no Cadastro Geral de Empregados e Desempregados (Caged), divulgado&nbsp;hoje&nbsp;(26) pelo Minist\u00e9rio da Economia.<img decoding=\"async\" src=\"https:\/\/agenciabrasil.ebc.com.br\/ebc.png?id=1394569&amp;o=node\"><img decoding=\"async\" src=\"https:\/\/agenciabrasil.ebc.com.br\/ebc.gif?id=1394569&amp;o=node\"><\/p>\n\n\n\n<p>O estoque, que \u00e9 a quantidade total de v\u00ednculos ativos, em outubro&nbsp;chegou a 38.638.484, varia\u00e7\u00e3o de 1,03% em rela\u00e7\u00e3o ao m\u00eas anterior. No acumulado do ano, o saldo \u00e9 negativo em 171.139, decorrentes de 12.231.462 admiss\u00f5es e de 12.402.601 desligamentos.<\/p>\n\n\n\n<p>Dos cinco grandes grupamentos de atividades econ\u00f4micas, quatro tiveram saldo positivo no emprego em outubro. O principal foi o setor de servi\u00e7os, que abriu 156.766 novas vagas. No com\u00e9rcio foram criados 115.647 postos; na ind\u00fastria, 86.426; na constru\u00e7\u00e3o, 36.296.<\/p>\n\n\n\n<h2 class=\"wp-block-heading\">Desempenho regional<\/h2>\n\n\n\n<p>O m\u00eas foi positivo nas cinco regi\u00f5es do pa\u00eds: no Sudeste, o saldo ficou em 186.884 postos; no Sul, resultado de 92.932; no Nordeste foram criados 69.519 empregos formais; no Centro-Oeste, 25.024; e no Norte, 20.658 vagas.<\/p>\n\n\n\n<p>Tamb\u00e9m houve saldo positivo em todas as unidades federativas, com destaque para S\u00e3o Paulo (119.261 novas vagas), Minas Gerais (42.124) e Paran\u00e1 (33.008). Em termos relativos, os estados com maior varia\u00e7\u00e3o em rela\u00e7\u00e3o ao estoque do m\u00eas anterior foram Santa Catarina, Cear\u00e1 e Amazonas.<\/p>\n\n\n\n<h2 class=\"wp-block-heading\">Trabalho intermitente e regime parcial<\/h2>\n\n\n\n<p>Em outubro houve saldo positivo de 10.611 empregos na modalidade trabalho intermitente, resultado de 19.927 admiss\u00f5es e 9.316 desligamentos (278 trabalhadores assinaram mais de um contrato desse tipo). As novas contrata\u00e7\u00f5es ocorreram principalmente no setor de&nbsp;servi\u00e7os, que teve saldo de 5.692 postos, seguido de constru\u00e7\u00e3o (1.895 postos), ind\u00fastria (1.600), com\u00e9rcio (1.056) e agropecu\u00e1ria (368).<\/p>\n\n\n\n<p>Nos contratos de regime de tempo parcial, o saldo foi de 1.328 empregos, consequ\u00eancia de 14.742 admiss\u00f5es e 13.414 desligamentos (46 empregados celebraram mais de um contrato nessa modalidade). As vagas foram abertas principalmente no com\u00e9rcio (638 postos) e nos servi\u00e7os (614). A ind\u00fastria gerou 217 novos postos e a agropecu\u00e1ria, 21.<\/p>\n\n\n\n<h2 class=\"wp-block-heading\">Acordos<\/h2>\n\n\n\n<p>Houve ainda 15.331 desligamentos mediante acordo entre empregador e empregado em outubro, envolvendo 10.043 estabelecimentos (38 empregados realizaram mais de um desligamento). Nos dados por atividade&nbsp;econ\u00f4mica,&nbsp;esses acordos distribu\u00edram-se por servi\u00e7os (7.262), com\u00e9rcio (3.409), ind\u00fastria (2.736), constru\u00e7\u00e3o (1.420) e agropecu\u00e1ria (504).<\/p>\n\n\n\n<p>Edi\u00e7\u00e3o: Gra\u00e7a Adjuto<\/p>\n","protected":false},"excerpt":{"rendered":"<p>\u00c9 o quarto m\u00eas seguido de gera\u00e7\u00e3o de emprego Por Kelly Oliveira &#8211; Rep\u00f3rter da<\/p>\n","protected":false},"author":2,"featured_media":6672,"comment_status":"open","ping_status":"open","sticky":false,"template":"","format":"standard","meta":{"footnotes":""},"categories":[14],"tags":[],"class_list":["post-6671","post","type-post","status-publish","format-standard","has-post-thumbnail","hentry","category-pais"],"_links":{"self":[{"href":"https:\/\/tvc16.com\/portal\/wp-json\/wp\/v2\/posts\/6671","targetHints":{"allow":["GET"]}}],"collection":[{"href":"https:\/\/tvc16.com\/portal\/wp-json\/wp\/v2\/posts"}],"about":[{"href":"https:\/\/tvc16.com\/portal\/wp-json\/wp\/v2\/types\/post"}],"author":[{"embeddable":true,"href":"https:\/\/tvc16.com\/portal\/wp-json\/wp\/v2\/users\/2"}],"replies":[{"embeddable":true,"href":"https:\/\/tvc16.com\/portal\/wp-json\/wp\/v2\/comments?post=6671"}],"version-history":[{"count":1,"href":"https:\/\/tvc16.com\/portal\/wp-json\/wp\/v2\/posts\/6671\/revisions"}],"predecessor-version":[{"id":6673,"href":"https:\/\/tvc16.com\/portal\/wp-json\/wp\/v2\/posts\/6671\/revisions\/6673"}],"wp:featuredmedia":[{"embeddable":true,"href":"https:\/\/tvc16.com\/portal\/wp-json\/wp\/v2\/media\/6672"}],"wp:attachment":[{"href":"https:\/\/tvc16.com\/portal\/wp-json\/wp\/v2\/media?parent=6671"}],"wp:term":[{"taxonomy":"category","embeddable":true,"href":"https:\/\/tvc16.com\/portal\/wp-json\/wp\/v2\/categories?post=6671"},{"taxonomy":"post_tag","embeddable":true,"href":"https:\/\/tvc16.com\/portal\/wp-json\/wp\/v2\/tags?post=6671"}],"curies":[{"name":"wp","href":"https:\/\/api.w.org\/{rel}","templated":true}]}}