{"id":6677,"date":"2020-11-26T12:03:12","date_gmt":"2020-11-26T15:03:12","guid":{"rendered":"https:\/\/tvc16.com\/portal\/?p=6677"},"modified":"2020-11-26T12:03:16","modified_gmt":"2020-11-26T15:03:16","slug":"contra-garimpo-ilegal-policia-federal-deflagra-operacao-remora","status":"publish","type":"post","link":"https:\/\/tvc16.com\/portal\/2020\/11\/26\/contra-garimpo-ilegal-policia-federal-deflagra-operacao-remora\/","title":{"rendered":"Contra garimpo ilegal, Pol\u00edcia Federal deflagra Opera\u00e7\u00e3o R\u00eamora"},"content":{"rendered":"\n<p>Alvo \u00e9 a \u00e1rea da Terra Ind\u00edgena Ianom\u00e2mi, na Amaz\u00f4nia<\/p>\n\n\n\n<h4 class=\"wp-block-heading\">Por Pedro Peduzzi &#8211; Rep\u00f3rter da Ag\u00eancia Brasil &#8211; Bras\u00edlia<\/h4>\n\n\n\n<p>A Pol\u00edcia Federal (PF) deflagrou hoje (26) a Opera\u00e7\u00e3o R\u00eamora, que visa desarticular uma associa\u00e7\u00e3o criminosa suspeita de coordenar atividade de garimpo ilegal na Terra Ind\u00edgena Ianom\u00e2mi, na Amaz\u00f4nia.<img decoding=\"async\" src=\"https:\/\/agenciabrasil.ebc.com.br\/ebc.png?id=1394573&amp;o=node\"><img decoding=\"async\" src=\"https:\/\/agenciabrasil.ebc.com.br\/ebc.gif?id=1394573&amp;o=node\"><\/p>\n\n\n\n<p>A pedido da 1\u00aa Vara da Justi\u00e7a Federal, em Roraima, tr\u00eas mandados de busca e apreens\u00e3o est\u00e3o sendo cumpridos ap\u00f3s manifesta\u00e7\u00e3o favor\u00e1vel do Minist\u00e9rio P\u00fablico Federal.<\/p>\n\n\n\n<p>Segundo a PF, as investiga\u00e7\u00f5es foram iniciadas em 2018, \u201cap\u00f3s uma a\u00e7\u00e3o do Ex\u00e9rcito abordar suspeitos que estariam levando pessoas, mantimentos e materiais diversos em um caminh\u00e3o para \u00e1reas de garimpo \u00e0s margens do rio Uraricoera\u201d.<\/p>\n\n\n\n<p>Duas pessoas s\u00e3o suspeitas de serem respons\u00e1veis pela explora\u00e7\u00e3o de garimpo ilegal localizado na \u00e1rea Ianom\u00e2mi. A PF informou que elas contariam com maquin\u00e1rio e balsas para a extra\u00e7\u00e3o de ouro na regi\u00e3o, recrutando e gerenciando garimpeiros e mergulhadores em suas atividades.<\/p>\n\n\n\n<p>H\u00e1 suspeitas de que elas seriam respons\u00e1veis tamb\u00e9m pela log\u00edstica e pelo envio de insumos e materiais, como combust\u00edveis, alimentos e equipamentos de forma a viabilizar tais pr\u00e1ticas por outros garimpeiros da regi\u00e3o. Entre eles, um terceiro suspeito que foi alvo da opera\u00e7\u00e3o de hoje.<\/p>\n\n\n\n<p>Edi\u00e7\u00e3o: Kleber Sampaio<\/p>\n","protected":false},"excerpt":{"rendered":"<p>Alvo \u00e9 a \u00e1rea da Terra Ind\u00edgena Ianom\u00e2mi, na Amaz\u00f4nia Por Pedro Peduzzi &#8211; Rep\u00f3rter<\/p>\n","protected":false},"author":2,"featured_media":6678,"comment_status":"open","ping_status":"open","sticky":false,"template":"","format":"standard","meta":{"footnotes":""},"categories":[17],"tags":[],"class_list":["post-6677","post","type-post","status-publish","format-standard","has-post-thumbnail","hentry","category-outras-noticias"],"_links":{"self":[{"href":"https:\/\/tvc16.com\/portal\/wp-json\/wp\/v2\/posts\/6677","targetHints":{"allow":["GET"]}}],"collection":[{"href":"https:\/\/tvc16.com\/portal\/wp-json\/wp\/v2\/posts"}],"about":[{"href":"https:\/\/tvc16.com\/portal\/wp-json\/wp\/v2\/types\/post"}],"author":[{"embeddable":true,"href":"https:\/\/tvc16.com\/portal\/wp-json\/wp\/v2\/users\/2"}],"replies":[{"embeddable":true,"href":"https:\/\/tvc16.com\/portal\/wp-json\/wp\/v2\/comments?post=6677"}],"version-history":[{"count":1,"href":"https:\/\/tvc16.com\/portal\/wp-json\/wp\/v2\/posts\/6677\/revisions"}],"predecessor-version":[{"id":6679,"href":"https:\/\/tvc16.com\/portal\/wp-json\/wp\/v2\/posts\/6677\/revisions\/6679"}],"wp:featuredmedia":[{"embeddable":true,"href":"https:\/\/tvc16.com\/portal\/wp-json\/wp\/v2\/media\/6678"}],"wp:attachment":[{"href":"https:\/\/tvc16.com\/portal\/wp-json\/wp\/v2\/media?parent=6677"}],"wp:term":[{"taxonomy":"category","embeddable":true,"href":"https:\/\/tvc16.com\/portal\/wp-json\/wp\/v2\/categories?post=6677"},{"taxonomy":"post_tag","embeddable":true,"href":"https:\/\/tvc16.com\/portal\/wp-json\/wp\/v2\/tags?post=6677"}],"curies":[{"name":"wp","href":"https:\/\/api.w.org\/{rel}","templated":true}]}}