{"id":6680,"date":"2020-11-26T12:04:21","date_gmt":"2020-11-26T15:04:21","guid":{"rendered":"https:\/\/tvc16.com\/portal\/?p=6680"},"modified":"2020-11-26T12:04:25","modified_gmt":"2020-11-26T15:04:25","slug":"governo-lanca-nova-cartilha-de-informacoes-financeiras-para-refugiados","status":"publish","type":"post","link":"https:\/\/tvc16.com\/portal\/2020\/11\/26\/governo-lanca-nova-cartilha-de-informacoes-financeiras-para-refugiados\/","title":{"rendered":"Governo lan\u00e7a nova cartilha de informa\u00e7\u00f5es financeiras para refugiados"},"content":{"rendered":"\n<p>O documento foi lan\u00e7ado hoje online<\/p>\n\n\n\n<h4 class=\"wp-block-heading\">Por Andreia Verd\u00e9lio \u2013 Rep\u00f3rter da Ag\u00eancia Brasil &#8211; Bras\u00edlia<\/h4>\n\n\n\n<p>&nbsp;A terceira edi\u00e7\u00e3o da Cartilha de Informa\u00e7\u00f5es Financeiras para Refugiados e Migrantes foi lan\u00e7ada hoje (26) em evento&nbsp;<em>online<\/em>. O documento \u00e9 uma iniciativa do Banco Central (BC), do Minist\u00e9rio da Justi\u00e7a e Seguran\u00e7a P\u00fablica, do Alto Comissariado das Na\u00e7\u00f5es Unidas para os Refugiados (Acnur) e da Organiza\u00e7\u00e3o Internacional para as Migra\u00e7\u00f5es (OIM).<img decoding=\"async\" src=\"https:\/\/agenciabrasil.ebc.com.br\/ebc.png?id=1394572&amp;o=node\"><img decoding=\"async\" src=\"https:\/\/agenciabrasil.ebc.com.br\/ebc.gif?id=1394572&amp;o=node\"><\/p>\n\n\n\n<p>De acordo com o diretor de Relacionamento, Cidadania e Supervis\u00e3o de Conduta do BC, Maur\u00edcio Moura, muitos dos imigrantes e refugiados encontram-se em situa\u00e7\u00e3o de vulnerabilidade financeira e acabam ainda encontrando dificuldades para abertura de contas e compreens\u00e3o da moeda e das particularidades do sistema financeiro brasileiro. \u201cA nossa Constitui\u00e7\u00e3o garante a brasileiro e migrantes os mesmos direitos, \u00e0 vida, a liberdade, a igualdade, a seguran\u00e7a a propriedade e a todos os demais direitos humanos. \u00c9 imposs\u00edvel pensar na garantia desses direitos sem que estejam assegurados a migrantes e refugiados a sua inser\u00e7\u00e3o na vida econ\u00f4mica e em nosso sistema financeiro nacional\u201d, disse.<\/p>\n\n\n\n<p>A primeira edi\u00e7\u00e3o da cartilha foi lan\u00e7ada em novembro de 2019 e a segunda em abril deste ano, j\u00e1 com a vers\u00e3o em ingl\u00eas. Essa terceira edi\u00e7\u00e3o, segundo o diretor, inclui atualiza\u00e7\u00f5es e novos normativos, como as informa\u00e7\u00f5es sobre o&nbsp;<a href=\"https:\/\/agenciabrasil.ebc.com.br\/economia\/noticia\/2020-11\/pix-novo-sistema-de-pagamento-instantaneo-entra-em-funcionamento\" target=\"_blank\" rel=\"noreferrer noopener\">PIX<\/a>, o rec\u00e9m-lan\u00e7ado arranjo de pagamentos instant\u00e2neo.<\/p>\n\n\n\n<p>Moura destacou tamb\u00e9m a inclus\u00e3o de informa\u00e7\u00f5es sobre o aprimoramento da regula\u00e7\u00e3o que trata da abertura, manuten\u00e7\u00e3o e encerramento de conta, com especial aten\u00e7\u00e3o para a n\u00e3o exig\u00eancia de documentos m\u00ednimos para abertura de contas. Agora, \u00e9 atribui\u00e7\u00e3o das institui\u00e7\u00f5es financeiras adotar procedimentos necess\u00e1rios para identificar e qualificar titular da conta.<\/p>\n\n\n\n<p>As vers\u00f5es em portugu\u00eas, espanhol e ingl\u00eas da nova edi\u00e7\u00e3o da cartilha j\u00e1 est\u00e3o dispon\u00edveis na p\u00e1gina&nbsp;<a href=\"https:\/\/www.bcb.gov.br\/cidadaniafinanceira\" target=\"_blank\" rel=\"noreferrer noopener\">Cidadania Financeira do BC<\/a>. Em breve o documento tamb\u00e9m ser\u00e1 disponibilizado em franc\u00eas e \u00e1rabe.<\/p>\n\n\n\n<p>O lan\u00e7amento da cartilha acontece dentro da programa\u00e7\u00e3o da&nbsp;<a href=\"https:\/\/agenciabrasil.ebc.com.br\/economia\/noticia\/2020-11\/comeca-hoje-semana-de-educacao-financeira-do-banco-central\" target=\"_blank\" rel=\"noreferrer noopener\">7\u00aa Semana Nacional de Educa\u00e7\u00e3o Financeira<\/a>, promovida pelo BC.<\/p>\n\n\n\n<p>Ap\u00f3s a abertura e a apresenta\u00e7\u00e3o da nova vers\u00e3o do documento, aconteceu o painel Inclus\u00e3o Financeira de Refugiados e Migrantes: oportunidades para o p\u00fablico vulner\u00e1vel. A transmiss\u00e3o do evento est\u00e1 dispon\u00edvel no canal da OIM no&nbsp;<a href=\"https:\/\/www.youtube.com\/watch?v=JM-p6pZlvek\" target=\"_blank\" rel=\"noreferrer noopener\">YouTube<\/a>.<\/p>\n\n\n\n<p>Edi\u00e7\u00e3o: Val\u00e9ria Aguiar<\/p>\n","protected":false},"excerpt":{"rendered":"<p>O documento foi lan\u00e7ado hoje online Por Andreia Verd\u00e9lio \u2013 Rep\u00f3rter da Ag\u00eancia Brasil &#8211;<\/p>\n","protected":false},"author":2,"featured_media":6681,"comment_status":"open","ping_status":"open","sticky":false,"template":"","format":"standard","meta":{"footnotes":""},"categories":[17],"tags":[],"class_list":["post-6680","post","type-post","status-publish","format-standard","has-post-thumbnail","hentry","category-outras-noticias"],"_links":{"self":[{"href":"https:\/\/tvc16.com\/portal\/wp-json\/wp\/v2\/posts\/6680","targetHints":{"allow":["GET"]}}],"collection":[{"href":"https:\/\/tvc16.com\/portal\/wp-json\/wp\/v2\/posts"}],"about":[{"href":"https:\/\/tvc16.com\/portal\/wp-json\/wp\/v2\/types\/post"}],"author":[{"embeddable":true,"href":"https:\/\/tvc16.com\/portal\/wp-json\/wp\/v2\/users\/2"}],"replies":[{"embeddable":true,"href":"https:\/\/tvc16.com\/portal\/wp-json\/wp\/v2\/comments?post=6680"}],"version-history":[{"count":1,"href":"https:\/\/tvc16.com\/portal\/wp-json\/wp\/v2\/posts\/6680\/revisions"}],"predecessor-version":[{"id":6682,"href":"https:\/\/tvc16.com\/portal\/wp-json\/wp\/v2\/posts\/6680\/revisions\/6682"}],"wp:featuredmedia":[{"embeddable":true,"href":"https:\/\/tvc16.com\/portal\/wp-json\/wp\/v2\/media\/6681"}],"wp:attachment":[{"href":"https:\/\/tvc16.com\/portal\/wp-json\/wp\/v2\/media?parent=6680"}],"wp:term":[{"taxonomy":"category","embeddable":true,"href":"https:\/\/tvc16.com\/portal\/wp-json\/wp\/v2\/categories?post=6680"},{"taxonomy":"post_tag","embeddable":true,"href":"https:\/\/tvc16.com\/portal\/wp-json\/wp\/v2\/tags?post=6680"}],"curies":[{"name":"wp","href":"https:\/\/api.w.org\/{rel}","templated":true}]}}