{"id":6683,"date":"2020-11-26T12:05:13","date_gmt":"2020-11-26T15:05:13","guid":{"rendered":"https:\/\/tvc16.com\/portal\/?p=6683"},"modified":"2020-11-26T12:05:16","modified_gmt":"2020-11-26T15:05:16","slug":"governo-do-mato-grosso-promove-leilao-de-rodovias-estaduais","status":"publish","type":"post","link":"https:\/\/tvc16.com\/portal\/2020\/11\/26\/governo-do-mato-grosso-promove-leilao-de-rodovias-estaduais\/","title":{"rendered":"Governo do Mato Grosso promove leil\u00e3o de rodovias estaduais"},"content":{"rendered":"\n<p>Ser\u00e3o concedidos 512 quil\u00f4metros de estradas \u00e0 iniciativa privada<\/p>\n\n\n\n<h4 class=\"wp-block-heading\">Por Luciano Nascimento &#8211; Rep\u00f3rter da Ag\u00eancia Brasil &#8211; Bras\u00edlia<\/h4>\n\n\n\n<p>O governo do Mato Grosso realiza hoje (26) o leil\u00e3o de tr\u00eas lotes de rodovias estaduais. No total, ser\u00e3o concedidos 512 quil\u00f4metros \u00e0 iniciativa privada. As concess\u00f5es ter\u00e3o prazo de 30 anos. O certame ocorrer\u00e1 as 14h, na bolsa de valores, a B3, e a previs\u00e3o \u00e9 que os contratos gerem um investimento de R$ 5,9 bilh\u00f5es ao longo da dura\u00e7\u00e3o das concess\u00f5es.<img decoding=\"async\" src=\"https:\/\/agenciabrasil.ebc.com.br\/ebc.png?id=1394571&amp;o=node\"><img decoding=\"async\" src=\"https:\/\/agenciabrasil.ebc.com.br\/ebc.gif?id=1394571&amp;o=node\"><\/p>\n\n\n\n<p>O crit\u00e9rio para arrematar os lotes ser\u00e1 o de menor valor da tarifa de ped\u00e1gio. Caso ocorra empate, o crit\u00e9rio de desempate ser\u00e1 o maior valor de outorga.<\/p>\n\n\n\n<p>Ser\u00e3o concedidos 140,6 quil\u00f4metros da MT-130, no trecho de Primavera do Leste a Paranatinga, al\u00e9m das rodovias MT-246, MT-343, MT-358 e MT-480, de Jangada a Itanorte, totalizando 233,2 quil\u00f4metros. Tamb\u00e9m comp\u00f5e o programa: 138,4 quil\u00f4metros da MT-220, localizada entre Tabapor\u00e3 e Sinop.<\/p>\n\n\n\n<p>As concession\u00e1rias ter\u00e3o que investir na execu\u00e7\u00e3o de obras de conserva\u00e7\u00e3o, recupera\u00e7\u00e3o, manuten\u00e7\u00e3o, implanta\u00e7\u00e3o de melhorias e opera\u00e7\u00e3o rodovi\u00e1ria. De acordo com o governo, tr\u00eas empresas j\u00e1 apresentaram propostas de pre\u00e7o para concorrer no leil\u00e3o.<\/p>\n\n\n\n<p>Edi\u00e7\u00e3o: Maria Claudia<\/p>\n","protected":false},"excerpt":{"rendered":"<p>Ser\u00e3o concedidos 512 quil\u00f4metros de estradas \u00e0 iniciativa privada Por Luciano Nascimento &#8211; Rep\u00f3rter da<\/p>\n","protected":false},"author":2,"featured_media":6684,"comment_status":"open","ping_status":"open","sticky":false,"template":"","format":"standard","meta":{"footnotes":""},"categories":[17],"tags":[],"class_list":["post-6683","post","type-post","status-publish","format-standard","has-post-thumbnail","hentry","category-outras-noticias"],"_links":{"self":[{"href":"https:\/\/tvc16.com\/portal\/wp-json\/wp\/v2\/posts\/6683","targetHints":{"allow":["GET"]}}],"collection":[{"href":"https:\/\/tvc16.com\/portal\/wp-json\/wp\/v2\/posts"}],"about":[{"href":"https:\/\/tvc16.com\/portal\/wp-json\/wp\/v2\/types\/post"}],"author":[{"embeddable":true,"href":"https:\/\/tvc16.com\/portal\/wp-json\/wp\/v2\/users\/2"}],"replies":[{"embeddable":true,"href":"https:\/\/tvc16.com\/portal\/wp-json\/wp\/v2\/comments?post=6683"}],"version-history":[{"count":1,"href":"https:\/\/tvc16.com\/portal\/wp-json\/wp\/v2\/posts\/6683\/revisions"}],"predecessor-version":[{"id":6685,"href":"https:\/\/tvc16.com\/portal\/wp-json\/wp\/v2\/posts\/6683\/revisions\/6685"}],"wp:featuredmedia":[{"embeddable":true,"href":"https:\/\/tvc16.com\/portal\/wp-json\/wp\/v2\/media\/6684"}],"wp:attachment":[{"href":"https:\/\/tvc16.com\/portal\/wp-json\/wp\/v2\/media?parent=6683"}],"wp:term":[{"taxonomy":"category","embeddable":true,"href":"https:\/\/tvc16.com\/portal\/wp-json\/wp\/v2\/categories?post=6683"},{"taxonomy":"post_tag","embeddable":true,"href":"https:\/\/tvc16.com\/portal\/wp-json\/wp\/v2\/tags?post=6683"}],"curies":[{"name":"wp","href":"https:\/\/api.w.org\/{rel}","templated":true}]}}