{"id":6689,"date":"2020-11-26T12:09:58","date_gmt":"2020-11-26T15:09:58","guid":{"rendered":"https:\/\/tvc16.com\/portal\/?p=6689"},"modified":"2020-11-26T12:10:01","modified_gmt":"2020-11-26T15:10:01","slug":"governo-oferece-curso-gratuito-sobre-atencao-a-primeira-infancia","status":"publish","type":"post","link":"https:\/\/tvc16.com\/portal\/2020\/11\/26\/governo-oferece-curso-gratuito-sobre-atencao-a-primeira-infancia\/","title":{"rendered":"Governo oferece curso gratuito sobre aten\u00e7\u00e3o \u00e0 primeira inf\u00e2ncia"},"content":{"rendered":"\n<p>O governo federal, por meio do Minist\u00e9rio da Cidadania, disponibilizou o curso \u201cPrograma Crian\u00e7a Feliz \u2013 Conhecendo a Fam\u00edlia e a Comunidade\u201d nas plataformas do <a href=\"http:\/\/www.mds.gov.br\/ead\/\" target=\"_blank\" rel=\"noreferrer noopener\">Portal da Cidadania<\/a>. Em parceria com a Universidade de Bras\u00edlia (UnB), o objetivo do curso \u00e9 ampliar os conhecimentos e promover uma atua\u00e7\u00e3o mais qualificada dos profissionais que trabalham nessa a\u00e7\u00e3o, al\u00e9m de envolver profissionais socioassistenciais.&nbsp;<\/p>\n\n\n\n<p>O curso ter\u00e1 carga hor\u00e1ria de 20 horas e vai abordar temas como territ\u00f3rio, comunidade, redes de servi\u00e7os e diversidade das fam\u00edlias brasileiras. As aulas ser\u00e3o oferecidas na modalidade de educa\u00e7\u00e3o a dist\u00e2ncia e os participantes receber\u00e3o certificado ap\u00f3s a conclus\u00e3o. O curso \u00e9 direcionado para profissionais atuantes no Programa Crian\u00e7a Feliz e demais profissionais da \u00e1rea socioassistencial, mas qualquer pessoa interessada no assunto pode se inscrever tamb\u00e9m.&nbsp;<\/p>\n\n\n\n<p>As inscri\u00e7\u00f5es podem ser realizadas at\u00e9 o dia 20 de dezembro, devendo o curso ser finalizado at\u00e9 o dia 31 de dezembro deste ano. A plataforma tamb\u00e9m oferece outros cursos.&nbsp;<\/p>\n\n\n\n<p>O <a href=\"https:\/\/www.gov.br\/cidadania\/pt-br\/noticias-e-conteudos\/desenvolvimento-social\/noticias-desenvolvimento-social\/ministerio-da-cidadania-oferece-curso-gratuito-sobre-atencao-a-primeira-infancia\" target=\"_blank\" rel=\"noreferrer noopener\">passo a passo<\/a> para se inscrever no curso est\u00e1 dispon\u00edvel no portal do Minist\u00e9rio da Cidadania, em www.gov.br\/cidadania, e mais informa\u00e7\u00f5es pelo e-mail suporte.ead@mds.gov.br.&nbsp; &nbsp;&nbsp;<\/p>\n\n\n\n<p>Fonte: <a href=\"https:\/\/brasil61.com\/noticias\/governo-oferece-curso-gratuito-sobre-atencao-a-primeira-infancia-bras202769\" target=\"_blank\" rel=\"noreferrer noopener\">Brasil 61<\/a><\/p>\n","protected":false},"excerpt":{"rendered":"<p>O governo federal, por meio do Minist\u00e9rio da Cidadania, disponibilizou o curso \u201cPrograma Crian\u00e7a Feliz<\/p>\n","protected":false},"author":2,"featured_media":6690,"comment_status":"open","ping_status":"open","sticky":false,"template":"","format":"standard","meta":{"footnotes":""},"categories":[19],"tags":[],"class_list":["post-6689","post","type-post","status-publish","format-standard","has-post-thumbnail","hentry","category-educacao"],"_links":{"self":[{"href":"https:\/\/tvc16.com\/portal\/wp-json\/wp\/v2\/posts\/6689","targetHints":{"allow":["GET"]}}],"collection":[{"href":"https:\/\/tvc16.com\/portal\/wp-json\/wp\/v2\/posts"}],"about":[{"href":"https:\/\/tvc16.com\/portal\/wp-json\/wp\/v2\/types\/post"}],"author":[{"embeddable":true,"href":"https:\/\/tvc16.com\/portal\/wp-json\/wp\/v2\/users\/2"}],"replies":[{"embeddable":true,"href":"https:\/\/tvc16.com\/portal\/wp-json\/wp\/v2\/comments?post=6689"}],"version-history":[{"count":1,"href":"https:\/\/tvc16.com\/portal\/wp-json\/wp\/v2\/posts\/6689\/revisions"}],"predecessor-version":[{"id":6691,"href":"https:\/\/tvc16.com\/portal\/wp-json\/wp\/v2\/posts\/6689\/revisions\/6691"}],"wp:featuredmedia":[{"embeddable":true,"href":"https:\/\/tvc16.com\/portal\/wp-json\/wp\/v2\/media\/6690"}],"wp:attachment":[{"href":"https:\/\/tvc16.com\/portal\/wp-json\/wp\/v2\/media?parent=6689"}],"wp:term":[{"taxonomy":"category","embeddable":true,"href":"https:\/\/tvc16.com\/portal\/wp-json\/wp\/v2\/categories?post=6689"},{"taxonomy":"post_tag","embeddable":true,"href":"https:\/\/tvc16.com\/portal\/wp-json\/wp\/v2\/tags?post=6689"}],"curies":[{"name":"wp","href":"https:\/\/api.w.org\/{rel}","templated":true}]}}