{"id":6692,"date":"2020-11-26T12:11:40","date_gmt":"2020-11-26T15:11:40","guid":{"rendered":"https:\/\/tvc16.com\/portal\/?p=6692"},"modified":"2020-11-26T12:11:42","modified_gmt":"2020-11-26T15:11:42","slug":"fiocruz-prorroga-pesquisa-sobre-trabalho-de-profissionais-de-saude-durante-a-pandemia","status":"publish","type":"post","link":"https:\/\/tvc16.com\/portal\/2020\/11\/26\/fiocruz-prorroga-pesquisa-sobre-trabalho-de-profissionais-de-saude-durante-a-pandemia\/","title":{"rendered":"Fiocruz prorroga pesquisa sobre trabalho de profissionais de sa\u00fade durante a pandemia"},"content":{"rendered":"\n<p>A Funda\u00e7\u00e3o Oswaldo Cruz (Fiocruz) prorrogou para 31 de dezembro o prazo para o envio das respostas da pesquisa nacional <a href=\"https:\/\/pt.surveymonkey.com\/r\/ESF_Covid-19_Brasil\" target=\"_blank\" rel=\"noreferrer noopener\">\u201cAn\u00e1lise do Processo de Trabalho da Estrat\u00e9gia Sa\u00fade da Fam\u00edlia na Pandemia de COVID-19\u201d<\/a>. Podem participar do estudo profissionais que atuam na pandemia e que integram equipes da Estrat\u00e9gia Sa\u00fade da Fam\u00edlia (ESF) e dos N\u00facleos de Apoio \u00e0 Sa\u00fade da Fam\u00edlia (NASF).&nbsp;<\/p>\n\n\n\n<p>A pesquisa \u00e9 feita pelo Centro de Estudos Estrat\u00e9gicos da Fiocruz, em parceria com a Fiocruz Cear\u00e1, Universidade Federal do Cear\u00e1 (UFC) e a Universidade Federal da Para\u00edba (UFPB). Entre outros pontos, o estudo tem o intuito de aferir o acesso das equipes de Sa\u00fade da Fam\u00edlia aos equipamentos de prote\u00e7\u00e3o individual e \u00e0 testagem, as formas de uso da sa\u00fade digital na comunica\u00e7\u00e3o com os usu\u00e1rios e\u00a0a atua\u00e7\u00e3o dos conselhos locais de Sa\u00fade.<\/p>\n\n\n\n<p>Os resultados podem contribuir para a formula\u00e7\u00e3o de pol\u00edticas p\u00fablicas nas esferas municipal, estadual e federal. Para mais informa\u00e7\u00f5es sobre o estudo, acesse <a href=\"http:\/\/portal.fiocruz.br\" target=\"_blank\" rel=\"noreferrer noopener\">portal.fiocruz.br<\/a><\/p>\n\n\n\n<p>Fonte: <a href=\"https:\/\/brasil61.com\/noticias\/fiocruz-prorroga-pesquisa-sobre-trabalho-de-profissionais-de-saude-durante-a-pandemia-bras202776\" target=\"_blank\" rel=\"noreferrer noopener\">Brasil 61<\/a><\/p>\n","protected":false},"excerpt":{"rendered":"<p>A Funda\u00e7\u00e3o Oswaldo Cruz (Fiocruz) prorrogou para 31 de dezembro o prazo para o envio<\/p>\n","protected":false},"author":2,"featured_media":6693,"comment_status":"open","ping_status":"open","sticky":false,"template":"","format":"standard","meta":{"footnotes":""},"categories":[13],"tags":[],"class_list":["post-6692","post","type-post","status-publish","format-standard","has-post-thumbnail","hentry","category-saude"],"_links":{"self":[{"href":"https:\/\/tvc16.com\/portal\/wp-json\/wp\/v2\/posts\/6692","targetHints":{"allow":["GET"]}}],"collection":[{"href":"https:\/\/tvc16.com\/portal\/wp-json\/wp\/v2\/posts"}],"about":[{"href":"https:\/\/tvc16.com\/portal\/wp-json\/wp\/v2\/types\/post"}],"author":[{"embeddable":true,"href":"https:\/\/tvc16.com\/portal\/wp-json\/wp\/v2\/users\/2"}],"replies":[{"embeddable":true,"href":"https:\/\/tvc16.com\/portal\/wp-json\/wp\/v2\/comments?post=6692"}],"version-history":[{"count":1,"href":"https:\/\/tvc16.com\/portal\/wp-json\/wp\/v2\/posts\/6692\/revisions"}],"predecessor-version":[{"id":6694,"href":"https:\/\/tvc16.com\/portal\/wp-json\/wp\/v2\/posts\/6692\/revisions\/6694"}],"wp:featuredmedia":[{"embeddable":true,"href":"https:\/\/tvc16.com\/portal\/wp-json\/wp\/v2\/media\/6693"}],"wp:attachment":[{"href":"https:\/\/tvc16.com\/portal\/wp-json\/wp\/v2\/media?parent=6692"}],"wp:term":[{"taxonomy":"category","embeddable":true,"href":"https:\/\/tvc16.com\/portal\/wp-json\/wp\/v2\/categories?post=6692"},{"taxonomy":"post_tag","embeddable":true,"href":"https:\/\/tvc16.com\/portal\/wp-json\/wp\/v2\/tags?post=6692"}],"curies":[{"name":"wp","href":"https:\/\/api.w.org\/{rel}","templated":true}]}}