{"id":6699,"date":"2020-11-26T12:15:54","date_gmt":"2020-11-26T15:15:54","guid":{"rendered":"https:\/\/tvc16.com\/portal\/?p=6699"},"modified":"2020-11-26T12:16:16","modified_gmt":"2020-11-26T15:16:16","slug":"indicadores-boi-gordo-registra-queda-no-preco-nesta-quinta-26","status":"publish","type":"post","link":"https:\/\/tvc16.com\/portal\/2020\/11\/26\/indicadores-boi-gordo-registra-queda-no-preco-nesta-quinta-26\/","title":{"rendered":"Boi gordo registra queda no pre\u00e7o nesta quinta (26)"},"content":{"rendered":"\n<p>A cota\u00e7\u00e3o da arroba do boi gordo come\u00e7ou a quinta-feira (26) com queda de 3% no pre\u00e7o e o produto \u00e9 negociado a R$ 278,30 em S\u00e3o Paulo. Em Goi\u00e2nia, o produto \u00e9 vendido \u00e0 vista a R$ 264. J\u00e1 em Barretos e Ara\u00e7atuba, em S\u00e3o Paulo, a arroba \u00e9 comercializada a R$ 277.&nbsp;<\/p>\n\n\n\n<p>O pre\u00e7o do quilo do frango congelado n\u00e3o sofreu varia\u00e7\u00e3o e o produto \u00e9 vendido a R$ 6,21. O pre\u00e7o do frango resfriado tamb\u00e9m n\u00e3o teve varia\u00e7\u00e3o e a mercadoria \u00e9 comercializada a R$ 6,36.&nbsp;<br>&nbsp;<br>No mercado financeiro, o pre\u00e7o da carca\u00e7a su\u00edna especial caiu 0,83% e o produto \u00e9 negociado a R$ 13,11. Em Minas Gerais, o su\u00edno vivo \u00e9 vendido a R$ 8,68. No Paran\u00e1, o produto \u00e9 comercializado \u00e0 vista a R$ 8,35. Os valores s\u00e3o do <a href=\"https:\/\/www.canalrural.com.br\/cotacao\/boi-gordo\/\" target=\"_blank\" rel=\"noreferrer noopener\">Canal Rural<\/a> e <a href=\"https:\/\/www.cepea.esalq.usp.br\/br\/indicador\/boi-gordo.aspx\" target=\"_blank\" rel=\"noreferrer noopener\">Cepea<\/a>.&nbsp;<\/p>\n\n\n\n<p>Fonte: <a href=\"https:\/\/brasil61.com\/noticias\/indicadores-boi-gordo-registra-queda-no-preco-nesta-quinta-26-pagr202841\" target=\"_blank\" rel=\"noreferrer noopener\">Brasil 61<\/a><\/p>\n","protected":false},"excerpt":{"rendered":"<p>A cota\u00e7\u00e3o da arroba do boi gordo come\u00e7ou a quinta-feira (26) com queda de 3%<\/p>\n","protected":false},"author":2,"featured_media":6700,"comment_status":"open","ping_status":"open","sticky":false,"template":"","format":"standard","meta":{"footnotes":""},"categories":[18],"tags":[],"class_list":["post-6699","post","type-post","status-publish","format-standard","has-post-thumbnail","hentry","category-economia"],"_links":{"self":[{"href":"https:\/\/tvc16.com\/portal\/wp-json\/wp\/v2\/posts\/6699","targetHints":{"allow":["GET"]}}],"collection":[{"href":"https:\/\/tvc16.com\/portal\/wp-json\/wp\/v2\/posts"}],"about":[{"href":"https:\/\/tvc16.com\/portal\/wp-json\/wp\/v2\/types\/post"}],"author":[{"embeddable":true,"href":"https:\/\/tvc16.com\/portal\/wp-json\/wp\/v2\/users\/2"}],"replies":[{"embeddable":true,"href":"https:\/\/tvc16.com\/portal\/wp-json\/wp\/v2\/comments?post=6699"}],"version-history":[{"count":2,"href":"https:\/\/tvc16.com\/portal\/wp-json\/wp\/v2\/posts\/6699\/revisions"}],"predecessor-version":[{"id":6702,"href":"https:\/\/tvc16.com\/portal\/wp-json\/wp\/v2\/posts\/6699\/revisions\/6702"}],"wp:featuredmedia":[{"embeddable":true,"href":"https:\/\/tvc16.com\/portal\/wp-json\/wp\/v2\/media\/6700"}],"wp:attachment":[{"href":"https:\/\/tvc16.com\/portal\/wp-json\/wp\/v2\/media?parent=6699"}],"wp:term":[{"taxonomy":"category","embeddable":true,"href":"https:\/\/tvc16.com\/portal\/wp-json\/wp\/v2\/categories?post=6699"},{"taxonomy":"post_tag","embeddable":true,"href":"https:\/\/tvc16.com\/portal\/wp-json\/wp\/v2\/tags?post=6699"}],"curies":[{"name":"wp","href":"https:\/\/api.w.org\/{rel}","templated":true}]}}