{"id":670,"date":"2020-09-18T00:00:36","date_gmt":"2020-09-18T00:00:36","guid":{"rendered":"https:\/\/tvc16.com\/portal\/?p=670"},"modified":"2020-09-18T00:00:36","modified_gmt":"2020-09-18T00:00:36","slug":"mais-uma-pessoa-morre-por-covid-19-em-petropolis","status":"publish","type":"post","link":"https:\/\/tvc16.com\/portal\/2020\/09\/18\/mais-uma-pessoa-morre-por-covid-19-em-petropolis\/","title":{"rendered":"Mais uma pessoa morre por covid-19 em Petr\u00f3polis"},"content":{"rendered":"\n<p>A Secretaria Municipal de Sa\u00fade de Petr\u00f3polis divulgou no boletim epidemiol\u00f3gico desta quinta-feira (17) que a cidade registrou mais uma morte por covid-19. Ao todo, s\u00e3o 201 v\u00edtimas fatais desde o in\u00edcio da pandemia. Neste informativo tamb\u00e9m foram confirmados mais 86 casos da doen\u00e7a nas \u00faltimas 24 horas.<\/p>\n\n\n\n<p>A v\u00edtima \u00e9 um homem de, 73 anos, morador do Cremerie. Ele foi internado no dia 6 de setembro no Hospital Nossa Senhora Aparecida (HNSA) e faleceu na \u00faltima sexta-feira (11). O paciente, segundo a Sa\u00fade, tinha diabetes e hipertens\u00e3o arterial.De acordo com o boletim, at\u00e9 o momento foram realizados 52.032 testes na cidade. <\/p>\n\n\n\n<p>Desses, 45.240 resultaram negativos, 6.259 positivos e 533 est\u00e3o em an\u00e1lise, entre PCR e testes r\u00e1pidos. H\u00e1 79 pacientes internados na cidade, podendo ser casos positivos ou em investiga\u00e7\u00e3o esperando o resultado do teste.O painel da sa\u00fade aponta que 2.088 petropolitanos est\u00e3o curados do coronav\u00edrus. <\/p>\n\n\n\n<p>Esse n\u00famero se refere \u00e0s pessoas que estiveram internadas nas unidades hospitalares da cidade ou que se mantiveram em isolamento domiciliar e que, hoje, n\u00e3o apresentam mais os principais sintomas da doen\u00e7a.Os dados tamb\u00e9m mostram que a taxa de ocupa\u00e7\u00e3o de leitos de Unidade de Terapia Intensiva (UTI) destinados \u00e0 doen\u00e7a na rede p\u00fablica \u00e9 de 38,38% e Cl\u00ednicos de 31,48%.<\/p>\n","protected":false},"excerpt":{"rendered":"<p>A Secretaria Municipal de Sa\u00fade de Petr\u00f3polis divulgou no boletim epidemiol\u00f3gico desta quinta-feira (17) que<\/p>\n","protected":false},"author":2,"featured_media":671,"comment_status":"open","ping_status":"open","sticky":false,"template":"","format":"standard","meta":{"footnotes":""},"categories":[12],"tags":[],"class_list":["post-670","post","type-post","status-publish","format-standard","has-post-thumbnail","hentry","category-cidade"],"_links":{"self":[{"href":"https:\/\/tvc16.com\/portal\/wp-json\/wp\/v2\/posts\/670","targetHints":{"allow":["GET"]}}],"collection":[{"href":"https:\/\/tvc16.com\/portal\/wp-json\/wp\/v2\/posts"}],"about":[{"href":"https:\/\/tvc16.com\/portal\/wp-json\/wp\/v2\/types\/post"}],"author":[{"embeddable":true,"href":"https:\/\/tvc16.com\/portal\/wp-json\/wp\/v2\/users\/2"}],"replies":[{"embeddable":true,"href":"https:\/\/tvc16.com\/portal\/wp-json\/wp\/v2\/comments?post=670"}],"version-history":[{"count":1,"href":"https:\/\/tvc16.com\/portal\/wp-json\/wp\/v2\/posts\/670\/revisions"}],"predecessor-version":[{"id":672,"href":"https:\/\/tvc16.com\/portal\/wp-json\/wp\/v2\/posts\/670\/revisions\/672"}],"wp:featuredmedia":[{"embeddable":true,"href":"https:\/\/tvc16.com\/portal\/wp-json\/wp\/v2\/media\/671"}],"wp:attachment":[{"href":"https:\/\/tvc16.com\/portal\/wp-json\/wp\/v2\/media?parent=670"}],"wp:term":[{"taxonomy":"category","embeddable":true,"href":"https:\/\/tvc16.com\/portal\/wp-json\/wp\/v2\/categories?post=670"},{"taxonomy":"post_tag","embeddable":true,"href":"https:\/\/tvc16.com\/portal\/wp-json\/wp\/v2\/tags?post=670"}],"curies":[{"name":"wp","href":"https:\/\/api.w.org\/{rel}","templated":true}]}}