{"id":6706,"date":"2020-11-26T12:42:35","date_gmt":"2020-11-26T15:42:35","guid":{"rendered":"https:\/\/tvc16.com\/portal\/?p=6706"},"modified":"2020-11-26T12:42:38","modified_gmt":"2020-11-26T15:42:38","slug":"novo-servico-digital-facilita-a-contestacao-do-cancelamento-do-auxilio-emergencial","status":"publish","type":"post","link":"https:\/\/tvc16.com\/portal\/2020\/11\/26\/novo-servico-digital-facilita-a-contestacao-do-cancelamento-do-auxilio-emergencial\/","title":{"rendered":"Novo servi\u00e7o digital facilita a contesta\u00e7\u00e3o do cancelamento do Aux\u00edlio Emergencial"},"content":{"rendered":"\n<p>Uma nova ferramenta para contesta\u00e7\u00e3o do cancelamento do Aux\u00edlio Emergencial e da extens\u00e3o do benef\u00edcio foi disponibilizada no portal de Consultas da Empresa de Tecnologia e Informa\u00e7\u00f5es da Previd\u00eancia (Dataprev). Voltada ao p\u00fablico do programa Bolsa Fam\u00edlia, o recurso foi implantado a pedido do Minist\u00e9rio da Cidadania. De acordo com a pasta, os interessados ter\u00e3o at\u00e9 o dia 30 de novembro para fazer o pedido.<\/p>\n\n\n\n<p>As solicita\u00e7\u00f5es devem ser feitas pelo respons\u00e1vel familiar, ainda que a contesta\u00e7\u00e3o seja em nome de outro membro da fam\u00edlia. Dessa maneira, n\u00e3o \u00e9 necess\u00e1rio se dirigir a uma ag\u00eancia da Caixa Econ\u00f4mica Federal, lot\u00e9rica ou posto de atendimento do Cadastro \u00danico.<\/p>\n\n\n\n<p>Quem recebeu as cinco parcelas do Aux\u00edlio original e foi considerado ineleg\u00edvel para ganhar a extens\u00e3o t\u00eam at\u00e9 o dia 29 de novembro para fazer a contesta\u00e7\u00e3o. O pedido deve ser feito por meio do <a href=\"https:\/\/portal2.dataprev.gov.br\/\">site da Dataprev<\/a> pelo pr\u00f3prio benefici\u00e1rio.<\/p>\n\n\n\n<p>Fonte: <a href=\"https:\/\/brasil61.com\/noticias\/novo-servico-digital-facilita-a-contestacao-do-cancelamento-do-auxilio-emergencial-bras202749\" target=\"_blank\" rel=\"noreferrer noopener\">Brasil 61<\/a><\/p>\n","protected":false},"excerpt":{"rendered":"<p>Uma nova ferramenta para contesta\u00e7\u00e3o do cancelamento do Aux\u00edlio Emergencial e da extens\u00e3o do benef\u00edcio<\/p>\n","protected":false},"author":2,"featured_media":6707,"comment_status":"open","ping_status":"open","sticky":false,"template":"","format":"standard","meta":{"footnotes":""},"categories":[17],"tags":[],"class_list":["post-6706","post","type-post","status-publish","format-standard","has-post-thumbnail","hentry","category-outras-noticias"],"_links":{"self":[{"href":"https:\/\/tvc16.com\/portal\/wp-json\/wp\/v2\/posts\/6706","targetHints":{"allow":["GET"]}}],"collection":[{"href":"https:\/\/tvc16.com\/portal\/wp-json\/wp\/v2\/posts"}],"about":[{"href":"https:\/\/tvc16.com\/portal\/wp-json\/wp\/v2\/types\/post"}],"author":[{"embeddable":true,"href":"https:\/\/tvc16.com\/portal\/wp-json\/wp\/v2\/users\/2"}],"replies":[{"embeddable":true,"href":"https:\/\/tvc16.com\/portal\/wp-json\/wp\/v2\/comments?post=6706"}],"version-history":[{"count":1,"href":"https:\/\/tvc16.com\/portal\/wp-json\/wp\/v2\/posts\/6706\/revisions"}],"predecessor-version":[{"id":6708,"href":"https:\/\/tvc16.com\/portal\/wp-json\/wp\/v2\/posts\/6706\/revisions\/6708"}],"wp:featuredmedia":[{"embeddable":true,"href":"https:\/\/tvc16.com\/portal\/wp-json\/wp\/v2\/media\/6707"}],"wp:attachment":[{"href":"https:\/\/tvc16.com\/portal\/wp-json\/wp\/v2\/media?parent=6706"}],"wp:term":[{"taxonomy":"category","embeddable":true,"href":"https:\/\/tvc16.com\/portal\/wp-json\/wp\/v2\/categories?post=6706"},{"taxonomy":"post_tag","embeddable":true,"href":"https:\/\/tvc16.com\/portal\/wp-json\/wp\/v2\/tags?post=6706"}],"curies":[{"name":"wp","href":"https:\/\/api.w.org\/{rel}","templated":true}]}}