{"id":6709,"date":"2020-11-26T12:46:08","date_gmt":"2020-11-26T15:46:08","guid":{"rendered":"https:\/\/tvc16.com\/portal\/?p=6709"},"modified":"2020-11-26T12:46:11","modified_gmt":"2020-11-26T15:46:11","slug":"claudio-roberto-recebe-a-prata-dos-jogos-de-sydney-no-trofeu-brasil","status":"publish","type":"post","link":"https:\/\/tvc16.com\/portal\/2020\/11\/26\/claudio-roberto-recebe-a-prata-dos-jogos-de-sydney-no-trofeu-brasil\/","title":{"rendered":"Cl\u00e1udio Roberto recebe a prata dos jogos de Sydney no Trof\u00e9u Brasil"},"content":{"rendered":"\n<p>Integrante da equipe do 4&#215;100 participou de eliminat\u00f3ria da prova<\/p>\n\n\n\n<h4 class=\"wp-block-heading\">Por Juliano Justo &#8211; Rep\u00f3rter da R\u00e1dio Nacional e TV Brasil &#8211; S\u00e3o Paulo<\/h4>\n\n\n\n<p>Depois de mais de 20 anos de espera, no dia 13 de dezembro Cl\u00e1udio Roberto Sousa receber\u00e1 a medalha de prata do revezamento 4&#215;100 conquistada pela equipe nacional nos Jogos Ol\u00edmpicos de Sydney\/2000. A entrega ocorrer\u00e1 no t\u00e9rmino do programa de provas do Trof\u00e9u Brasil de Atletismo, previsto para o Centro Ol\u00edmpico, em S\u00e3o Paulo.&nbsp;<img decoding=\"async\" src=\"https:\/\/agenciabrasil.ebc.com.br\/ebc.png?id=1394575&amp;o=node\"><img decoding=\"async\" src=\"https:\/\/agenciabrasil.ebc.com.br\/ebc.gif?id=1394575&amp;o=node\"><\/p>\n\n\n\n<p>&#8220;Estou superfeliz, eu e minha fam\u00edlia. Essa felicidade vem desde o momento que recebi a confirma\u00e7\u00e3o de que ganharia a medalha. E com a certeza da data j\u00e1 estou suando frio. S\u00e3o 20 anos de espera, num determinado tempo da minha vida eu tinha desencanado, n\u00e3o desistido, mas parei de ir atr\u00e1s. Posso resumir tudo isso em felicidade&#8221;, disse o piauiense, nascido em Teresina, de 46 anos de idade.<\/p>\n\n\n\n<p>Claudinho, como sempre foi conhecido pela comunidade atl\u00e9tica, era reserva do time nacional no revezamento e correu a eliminat\u00f3ria, vencida pelos brasileiros. Na final, foi substitu\u00eddo por Claudinei Quirino, que fechou a prova. O grupo era formado ainda por Raphael Raymundo de Oliveira, tamb\u00e9m reserva. O treinador era Jayme Netto J\u00fanior.<\/p>\n\n\n\n<p>O quarteto do Brasil recebeu a medalha no pr\u00f3prio est\u00e1dio, na cerim\u00f4nia do p\u00f3dio, no dia 30 de setembro de 2000. A de Claudinho ficou para ser entregue depois, mas nunca foi recebida. O Comit\u00ea Ol\u00edmpico do Brasil (COB), em 2001, entrou em contato com o Comit\u00ea Ol\u00edmpico Internacional (COI), que teria afirmado que a responsabilidade de prover a medalha era do Comit\u00ea Organizador dos Jogos Ol\u00edmpicos de Sydney. Em 2003, nos Jogos Pan-Americanos de Santo Domingo, na Rep\u00fablica Dominicana, Claudinho ganhou do COI um pin, destinado aos medalhistas ol\u00edmpicos como compensa\u00e7\u00e3o.<\/p>\n\n\n\n<p>O atleta foi homenageado na Assembleia Geral da Confedera\u00e7\u00e3o Brasileira de Atletismo (CBAt), em 2016, com uma r\u00e9plica da medalha em uma iniciativa de Andr\u00e9 Domingos e Arnaldo de Oliveira.<\/p>\n\n\n\n<p>A cess\u00e3o da medalha come\u00e7ou a se tornar realidade no fim de 2019, quando o representante do COB encontrou Claudinho, em Teresina. Na ocasi\u00e3o, foram retomadas as tratativas junto ao COI. At\u00e9 que, em maio deste ano, o corredor recebeu a confirma\u00e7\u00e3o de que finalmente teria a medalha.<\/p>\n\n\n\n<p>&#8220;Valeu a pena esperar 20 anos pelo reconhecimento agora da minha participa\u00e7\u00e3o naqueles Jogos. At\u00e9 brinco com os &#8216;meninos&#8217;: &#8216;Fui reserva e estou aparecendo mais do que voc\u00eas&#8221;, acrescentou Claudinho, que disse que &#8220;o Vicente, o Edson, o Andr\u00e9, o Claudinei, o Raphael e o Jayme est\u00e3o felizes tamb\u00e9m&#8221;. &#8220;Uma bela maneira de relembrar aquela equipe maravilhosa, valorizar a conquista do atletismo brasileiro naquele Jogos. A hist\u00f3ria da minha medalha d\u00e1 um valor maior ainda \u00e0 conquista.&#8221;<\/p>\n\n\n\n<p>A medalha \u00e9 origin\u00e1ria do Museu Ol\u00edmpico do COI, em Lausanne, Su\u00ed\u00e7a, e a cerim\u00f4nia seguir\u00e1 o protocolo de entrega de medalhas da entidade, incluindo a execu\u00e7\u00e3o do Hino Ol\u00edmpico. Cl\u00e1udio Roberto Sousa receber\u00e1 a medalha das m\u00e3os do presidente do Paulo Wanderley e participar\u00e3o da homenagem os titulares da equipe de 2000 Vicente Lenilson, Edson Luciano Ribeiro, Andr\u00e9 Domingos e Claudinei Quirino.<\/p>\n\n\n\n<p>&#8220;Cl\u00e1udio Roberto Sousa receber\u00e1 uma homenagem \u00e0 altura de seus feitos para o esporte ol\u00edmpico brasileiro. Sua participa\u00e7\u00e3o nas eliminat\u00f3rias foi fundamental para a prata ol\u00edmpica do revezamento 4&#215;100 m em Sydney. O COB fez tudo que esteve ao seu alcance para viabilizar essa merecida honraria e, mesmo com o adiamento dos Jogos Ol\u00edmpicos para o ano que vem, temos a alegria de dizer que o Brasil n\u00e3o ficar\u00e1 sem medalha em 2020\u201d, afirmou o presidente do COB, Paulo Wanderley.<\/p>\n","protected":false},"excerpt":{"rendered":"<p>Integrante da equipe do 4&#215;100 participou de eliminat\u00f3ria da prova Por Juliano Justo &#8211; Rep\u00f3rter<\/p>\n","protected":false},"author":2,"featured_media":6710,"comment_status":"open","ping_status":"open","sticky":false,"template":"","format":"standard","meta":{"footnotes":""},"categories":[20],"tags":[],"class_list":["post-6709","post","type-post","status-publish","format-standard","has-post-thumbnail","hentry","category-esporte"],"_links":{"self":[{"href":"https:\/\/tvc16.com\/portal\/wp-json\/wp\/v2\/posts\/6709","targetHints":{"allow":["GET"]}}],"collection":[{"href":"https:\/\/tvc16.com\/portal\/wp-json\/wp\/v2\/posts"}],"about":[{"href":"https:\/\/tvc16.com\/portal\/wp-json\/wp\/v2\/types\/post"}],"author":[{"embeddable":true,"href":"https:\/\/tvc16.com\/portal\/wp-json\/wp\/v2\/users\/2"}],"replies":[{"embeddable":true,"href":"https:\/\/tvc16.com\/portal\/wp-json\/wp\/v2\/comments?post=6709"}],"version-history":[{"count":1,"href":"https:\/\/tvc16.com\/portal\/wp-json\/wp\/v2\/posts\/6709\/revisions"}],"predecessor-version":[{"id":6711,"href":"https:\/\/tvc16.com\/portal\/wp-json\/wp\/v2\/posts\/6709\/revisions\/6711"}],"wp:featuredmedia":[{"embeddable":true,"href":"https:\/\/tvc16.com\/portal\/wp-json\/wp\/v2\/media\/6710"}],"wp:attachment":[{"href":"https:\/\/tvc16.com\/portal\/wp-json\/wp\/v2\/media?parent=6709"}],"wp:term":[{"taxonomy":"category","embeddable":true,"href":"https:\/\/tvc16.com\/portal\/wp-json\/wp\/v2\/categories?post=6709"},{"taxonomy":"post_tag","embeddable":true,"href":"https:\/\/tvc16.com\/portal\/wp-json\/wp\/v2\/tags?post=6709"}],"curies":[{"name":"wp","href":"https:\/\/api.w.org\/{rel}","templated":true}]}}