{"id":6712,"date":"2020-11-26T12:47:29","date_gmt":"2020-11-26T15:47:29","guid":{"rendered":"https:\/\/tvc16.com\/portal\/?p=6712"},"modified":"2020-11-26T12:47:31","modified_gmt":"2020-11-26T15:47:31","slug":"renovacao-de-matricula-na-rede-estadual-de-ensino-comeca-hoje-no-rio","status":"publish","type":"post","link":"https:\/\/tvc16.com\/portal\/2020\/11\/26\/renovacao-de-matricula-na-rede-estadual-de-ensino-comeca-hoje-no-rio\/","title":{"rendered":"Renova\u00e7\u00e3o de matr\u00edcula na rede estadual de ensino come\u00e7a hoje no Rio"},"content":{"rendered":"\n<p>Cadastro pode ser feito de online at\u00e9 o dia 3 de dezembro<\/p>\n\n\n\n<h4 class=\"wp-block-heading\">Por Ag\u00eancia Brasil &#8211; Rio de Janeiro<\/h4>\n\n\n\n<p>A partir de hoje (25) at\u00e9 o dia 3 de dezembro estar\u00e1 aberto o per\u00edodo de renova\u00e7\u00e3o de matr\u00edcula da rede p\u00fablica estadual do Rio de Janeiro para o ano letivo de 2021. Para agilizar o processo e evitar aglomera\u00e7\u00f5es, o cadastro poder\u00e1 ser feito de forma&nbsp;<em>online<\/em>, pelo&nbsp;<a href=\"http:\/\/www.matriculafacil.rj.gov.br\/\" target=\"_blank\" rel=\"noreferrer noopener\"><em>site<\/em><\/a>&nbsp;Matr\u00edcula F\u00e1cil.&nbsp;<img decoding=\"async\" src=\"https:\/\/agenciabrasil.ebc.com.br\/ebc.png?id=1394472&amp;o=node\"><img decoding=\"async\" src=\"https:\/\/agenciabrasil.ebc.com.br\/ebc.gif?id=1394472&amp;o=node\"><\/p>\n\n\n\n<p>Segundo a Secretaria Estadual de Educa\u00e7\u00e3o (Seeduc), pais, respons\u00e1veis ou alunos maiores de 18 anos tamb\u00e9m podem optar pela renova\u00e7\u00e3o da matr\u00edcula presencialmente, agendando a data e o hor\u00e1rio por telefone, diretamente com a unidade escolar.<\/p>\n\n\n\n<p>A pasta destacou que o aluno que n\u00e3o fizer a renova\u00e7\u00e3o perder\u00e1 o direito \u00e0 vaga e dever\u00e1 participar do processo informatizado de matr\u00edculas, se quiser continuar na rede p\u00fablica estadual.&nbsp;<\/p>\n\n\n\n<p>Para os alunos que quiserem ingressar na rede estadual ou mudar de escola, a primeira fase de pr\u00e9-matr\u00edculas ser\u00e1 aberta de 4 a 22 de dezembro. Os interessados dever\u00e3o acessar o site Matr\u00edcula F\u00e1cil e verificar a oferta de s\u00e9ries, cursos e turnos dispon\u00edveis. No ato da inscri\u00e7\u00e3o, o candidato pode escolher, no m\u00ednimo, tr\u00eas escolas de sua prefer\u00eancia. O resultado da aloca\u00e7\u00e3o ser\u00e1 divulgado no dia 30 de dezembro.<\/p>\n\n\n\n<p>Para o ano letivo de 2021, a Seeduc prev\u00ea uma matr\u00edcula especial para que os estudantes que est\u00e3o terminando o ensino m\u00e9dio possam aprofundar o conte\u00fado do \u00faltimo ano caso desejem. O calend\u00e1rio para essas matr\u00edculas especiais est\u00e1 sendo elaborado pela pasta e ser\u00e1 divulgado em separado.<\/p>\n\n\n\n<p>Edi\u00e7\u00e3o: Maria Claudia<\/p>\n","protected":false},"excerpt":{"rendered":"<p>Cadastro pode ser feito de online at\u00e9 o dia 3 de dezembro Por Ag\u00eancia Brasil<\/p>\n","protected":false},"author":2,"featured_media":6713,"comment_status":"open","ping_status":"open","sticky":false,"template":"","format":"standard","meta":{"footnotes":""},"categories":[19],"tags":[],"class_list":["post-6712","post","type-post","status-publish","format-standard","has-post-thumbnail","hentry","category-educacao"],"_links":{"self":[{"href":"https:\/\/tvc16.com\/portal\/wp-json\/wp\/v2\/posts\/6712","targetHints":{"allow":["GET"]}}],"collection":[{"href":"https:\/\/tvc16.com\/portal\/wp-json\/wp\/v2\/posts"}],"about":[{"href":"https:\/\/tvc16.com\/portal\/wp-json\/wp\/v2\/types\/post"}],"author":[{"embeddable":true,"href":"https:\/\/tvc16.com\/portal\/wp-json\/wp\/v2\/users\/2"}],"replies":[{"embeddable":true,"href":"https:\/\/tvc16.com\/portal\/wp-json\/wp\/v2\/comments?post=6712"}],"version-history":[{"count":1,"href":"https:\/\/tvc16.com\/portal\/wp-json\/wp\/v2\/posts\/6712\/revisions"}],"predecessor-version":[{"id":6714,"href":"https:\/\/tvc16.com\/portal\/wp-json\/wp\/v2\/posts\/6712\/revisions\/6714"}],"wp:featuredmedia":[{"embeddable":true,"href":"https:\/\/tvc16.com\/portal\/wp-json\/wp\/v2\/media\/6713"}],"wp:attachment":[{"href":"https:\/\/tvc16.com\/portal\/wp-json\/wp\/v2\/media?parent=6712"}],"wp:term":[{"taxonomy":"category","embeddable":true,"href":"https:\/\/tvc16.com\/portal\/wp-json\/wp\/v2\/categories?post=6712"},{"taxonomy":"post_tag","embeddable":true,"href":"https:\/\/tvc16.com\/portal\/wp-json\/wp\/v2\/tags?post=6712"}],"curies":[{"name":"wp","href":"https:\/\/api.w.org\/{rel}","templated":true}]}}