{"id":6718,"date":"2020-11-26T13:03:03","date_gmt":"2020-11-26T16:03:03","guid":{"rendered":"https:\/\/tvc16.com\/portal\/?p=6718"},"modified":"2020-11-26T13:03:06","modified_gmt":"2020-11-26T16:03:06","slug":"intencao-de-consumo-das-familias-cresce-pela-terceira-vez-consecutiva","status":"publish","type":"post","link":"https:\/\/tvc16.com\/portal\/2020\/11\/26\/intencao-de-consumo-das-familias-cresce-pela-terceira-vez-consecutiva\/","title":{"rendered":"Inten\u00e7\u00e3o de Consumo das Fam\u00edlias cresce pela terceira vez consecutiva"},"content":{"rendered":"\n<p>\u00cdndice aumenta 0,8% em novembro e alcan\u00e7a 69,8 pontos, diz CNC<\/p>\n\n\n\n<h4 class=\"wp-block-heading\">Por Ana Cristina Campos \u2013 Rep\u00f3rter da Ag\u00eancia Brasil &#8211; Rio de Janeiro<\/h4>\n\n\n\n<p>A Inten\u00e7\u00e3o de Consumo das Fam\u00edlias (ICF), medida pela Confedera\u00e7\u00e3o Nacional do Com\u00e9rcio de Bens, Servi\u00e7os e Turismo (CNC), cresceu 0,8% em novembro e alcan\u00e7ou 69,8 pontos \u2013 o maior patamar desde maio de 2020. Foi o terceiro aumento seguido do \u00edndice, ap\u00f3s os efeitos negativos da crise provocada pela pandemia do novo coronav\u00edrus.<img decoding=\"async\" src=\"https:\/\/agenciabrasil.ebc.com.br\/ebc.png?id=1394577&amp;o=node\"><img decoding=\"async\" src=\"https:\/\/agenciabrasil.ebc.com.br\/ebc.gif?id=1394577&amp;o=node\"><\/p>\n\n\n\n<p>Mesmo com as recentes altas, o indicador registrou o pior desempenho para um m\u00eas de novembro desde o in\u00edcio da s\u00e9rie hist\u00f3rica, em janeiro de 2010. Al\u00e9m disso, no comparativo anual, houve recuo de 26,7% \u2013 a oitava retra\u00e7\u00e3o consecutiva nesta base comparativa. A ICF est\u00e1 abaixo do n\u00edvel de satisfa\u00e7\u00e3o (100 pontos) desde abril de 2015.<\/p>\n\n\n\n<p>De acordo com o presidente da CNC, Jos\u00e9 Roberto Tadros, os resultados da pesquisa indicam a confian\u00e7a dos brasileiros na recupera\u00e7\u00e3o econ\u00f4mica. \u201cA melhora das percep\u00e7\u00f5es em rela\u00e7\u00e3o ao mercado de trabalho e a continuidade do aux\u00edlio emergencial, mesmo em valor menor, foram o suficiente para levar seguran\u00e7a para os consumidores, principalmente no longo prazo\u201d, afirmou, em nota, Tadros.<\/p>\n\n\n\n<p>Em rela\u00e7\u00e3o ao momento atual, o item relacionado \u00e0 renda se destacou, voltando a subir (+0,2%) depois de sete quedas consecutivas e chegando a 77 pontos \u2013 ap\u00f3s atingir o menor patamar da s\u00e9rie hist\u00f3rica em outubro.<\/p>\n\n\n\n<p>\u201cOs dados mais positivos da economia est\u00e3o incentivando as fam\u00edlias a ficarem mais confiantes em rela\u00e7\u00e3o ao seu poder de compra futuro, o que explica este avan\u00e7o no indicador da renda atual\u201d, disse Catarina Carneiro da Silva, economista da CNC respons\u00e1vel pelo estudo.<\/p>\n\n\n\n<p>De acordo com a CNC, o sub\u00edndice que mede a satisfa\u00e7\u00e3o dos brasileiros com rela\u00e7\u00e3o ao emprego registrou o terceiro crescimento seguido (+0,6%) e permaneceu como o item de pontua\u00e7\u00e3o mais elevada (86,8 pontos).<\/p>\n\n\n\n<p>O sub\u00edndice que avalia a perspectiva profissional dos brasileiros para os pr\u00f3ximos seis meses tamb\u00e9m se destacou positivamente, impulsionado pelo aumento do indicador referente ao emprego atual. O item apresentou o maior crescimento mensal em novembro (+3,3%) \u2013 a quarta alta consecutiva \u2013, chegando a 82,2 pontos. A perspectiva de consumo tamb\u00e9m apresentou alta: com aumento de 1,4%, atingiu 65,1 pontos, ap\u00f3s ter acumulado duas quedas seguidas.<\/p>\n\n\n\n<p>Edi\u00e7\u00e3o: Val\u00e9ria Aguiar<\/p>\n","protected":false},"excerpt":{"rendered":"<p>\u00cdndice aumenta 0,8% em novembro e alcan\u00e7a 69,8 pontos, diz CNC Por Ana Cristina Campos<\/p>\n","protected":false},"author":2,"featured_media":6719,"comment_status":"open","ping_status":"open","sticky":false,"template":"","format":"standard","meta":{"footnotes":""},"categories":[18],"tags":[],"class_list":["post-6718","post","type-post","status-publish","format-standard","has-post-thumbnail","hentry","category-economia"],"_links":{"self":[{"href":"https:\/\/tvc16.com\/portal\/wp-json\/wp\/v2\/posts\/6718","targetHints":{"allow":["GET"]}}],"collection":[{"href":"https:\/\/tvc16.com\/portal\/wp-json\/wp\/v2\/posts"}],"about":[{"href":"https:\/\/tvc16.com\/portal\/wp-json\/wp\/v2\/types\/post"}],"author":[{"embeddable":true,"href":"https:\/\/tvc16.com\/portal\/wp-json\/wp\/v2\/users\/2"}],"replies":[{"embeddable":true,"href":"https:\/\/tvc16.com\/portal\/wp-json\/wp\/v2\/comments?post=6718"}],"version-history":[{"count":1,"href":"https:\/\/tvc16.com\/portal\/wp-json\/wp\/v2\/posts\/6718\/revisions"}],"predecessor-version":[{"id":6720,"href":"https:\/\/tvc16.com\/portal\/wp-json\/wp\/v2\/posts\/6718\/revisions\/6720"}],"wp:featuredmedia":[{"embeddable":true,"href":"https:\/\/tvc16.com\/portal\/wp-json\/wp\/v2\/media\/6719"}],"wp:attachment":[{"href":"https:\/\/tvc16.com\/portal\/wp-json\/wp\/v2\/media?parent=6718"}],"wp:term":[{"taxonomy":"category","embeddable":true,"href":"https:\/\/tvc16.com\/portal\/wp-json\/wp\/v2\/categories?post=6718"},{"taxonomy":"post_tag","embeddable":true,"href":"https:\/\/tvc16.com\/portal\/wp-json\/wp\/v2\/tags?post=6718"}],"curies":[{"name":"wp","href":"https:\/\/api.w.org\/{rel}","templated":true}]}}