{"id":6724,"date":"2020-11-26T13:05:53","date_gmt":"2020-11-26T16:05:53","guid":{"rendered":"https:\/\/tvc16.com\/portal\/?p=6724"},"modified":"2020-11-26T13:05:56","modified_gmt":"2020-11-26T16:05:56","slug":"senado-aprova-aumento-de-penas-para-fraudes-eletronicas","status":"publish","type":"post","link":"https:\/\/tvc16.com\/portal\/2020\/11\/26\/senado-aprova-aumento-de-penas-para-fraudes-eletronicas\/","title":{"rendered":"Senado aprova aumento de penas para fraudes eletr\u00f4nicas"},"content":{"rendered":"\n<p>Penas v\u00e3o de tr\u00eas a seis anos de reclus\u00e3o<\/p>\n\n\n\n<h4 class=\"wp-block-heading\">Por Marcelo Brand\u00e3o \u2013 Rep\u00f3rter da Ag\u00eancia Brasil &#8211; Bras\u00edlia<\/h4>\n\n\n\n<p>O Senado aprovou hoje (25) projeto de lei (PL) que aumenta penas para quem comete fraudes eletr\u00f4nicas. O c\u00f3digo penal prev\u00ea o crime de furto como pass\u00edvel de pena de um a quatro anos. De acordo com o texto, as penas podem ir de tr\u00eas a seis anos de reclus\u00e3o para quem cometer crimes de furto usando meios eletr\u00f4nicos ou inform\u00e1ticos. O projeto segue para a C\u00e2mara dos Deputados.<img decoding=\"async\" src=\"https:\/\/agenciabrasil.ebc.com.br\/ebc.png?id=1394546&amp;o=node\"><img decoding=\"async\" src=\"https:\/\/agenciabrasil.ebc.com.br\/ebc.gif?id=1394546&amp;o=node\"><\/p>\n\n\n\n<p>O projeto \u00e9 de autoria de Izalci Lucas (PSDB-DF). Segundo Izalci, a pandemia da covid-19 fez crescer a incid\u00eancia desse tipo de crime no pa\u00eds e atingiu, inclusive, os benefici\u00e1rios do aux\u00edlio emergencial. Izalci havia proposto uma previs\u00e3o de pena maior, de quatro a oito anos, mas foram reduzidas no relat\u00f3rio aprovado em plen\u00e1rio.<\/p>\n\n\n\n<p>O texto ainda acrescenta hip\u00f3tese de agravamento da pena de crime contra a honra quando cometido usando a internet. O PL tipifica o crime de \u201cinvas\u00e3o de dispositivo inform\u00e1tico\u201d como a conduta de obter, adulterar ou destruir dados ou informa\u00e7\u00f5es sem autoriza\u00e7\u00e3o do usu\u00e1rio do dispositivo ou instalar vulnerabilidades para obter vantagem il\u00edcita.<\/p>\n\n\n\n<p>Edi\u00e7\u00e3o: F\u00e1bio Massalli<\/p>\n","protected":false},"excerpt":{"rendered":"<p>Penas v\u00e3o de tr\u00eas a seis anos de reclus\u00e3o Por Marcelo Brand\u00e3o \u2013 Rep\u00f3rter da<\/p>\n","protected":false},"author":2,"featured_media":6725,"comment_status":"open","ping_status":"open","sticky":false,"template":"","format":"standard","meta":{"footnotes":""},"categories":[15],"tags":[],"class_list":["post-6724","post","type-post","status-publish","format-standard","has-post-thumbnail","hentry","category-politica"],"_links":{"self":[{"href":"https:\/\/tvc16.com\/portal\/wp-json\/wp\/v2\/posts\/6724","targetHints":{"allow":["GET"]}}],"collection":[{"href":"https:\/\/tvc16.com\/portal\/wp-json\/wp\/v2\/posts"}],"about":[{"href":"https:\/\/tvc16.com\/portal\/wp-json\/wp\/v2\/types\/post"}],"author":[{"embeddable":true,"href":"https:\/\/tvc16.com\/portal\/wp-json\/wp\/v2\/users\/2"}],"replies":[{"embeddable":true,"href":"https:\/\/tvc16.com\/portal\/wp-json\/wp\/v2\/comments?post=6724"}],"version-history":[{"count":1,"href":"https:\/\/tvc16.com\/portal\/wp-json\/wp\/v2\/posts\/6724\/revisions"}],"predecessor-version":[{"id":6726,"href":"https:\/\/tvc16.com\/portal\/wp-json\/wp\/v2\/posts\/6724\/revisions\/6726"}],"wp:featuredmedia":[{"embeddable":true,"href":"https:\/\/tvc16.com\/portal\/wp-json\/wp\/v2\/media\/6725"}],"wp:attachment":[{"href":"https:\/\/tvc16.com\/portal\/wp-json\/wp\/v2\/media?parent=6724"}],"wp:term":[{"taxonomy":"category","embeddable":true,"href":"https:\/\/tvc16.com\/portal\/wp-json\/wp\/v2\/categories?post=6724"},{"taxonomy":"post_tag","embeddable":true,"href":"https:\/\/tvc16.com\/portal\/wp-json\/wp\/v2\/tags?post=6724"}],"curies":[{"name":"wp","href":"https:\/\/api.w.org\/{rel}","templated":true}]}}