{"id":6727,"date":"2020-11-26T13:09:32","date_gmt":"2020-11-26T16:09:32","guid":{"rendered":"https:\/\/tvc16.com\/portal\/?p=6727"},"modified":"2020-11-26T13:09:34","modified_gmt":"2020-11-26T16:09:34","slug":"covid-19-antt-define-novas-medidas-para-o-transporte-interestadual","status":"publish","type":"post","link":"https:\/\/tvc16.com\/portal\/2020\/11\/26\/covid-19-antt-define-novas-medidas-para-o-transporte-interestadual\/","title":{"rendered":"Covid-19: ANTT define novas medidas para o transporte interestadual"},"content":{"rendered":"\n<p>Resolu\u00e7\u00f5es valem apenas para o transporte rodovi\u00e1rio<\/p>\n\n\n\n<h4 class=\"wp-block-heading\">Por Andreia Verd\u00e9lio \u2013 Rep\u00f3rter da Ag\u00eancia Brasil &#8211; Bras\u00edlia<\/h4>\n\n\n\n<p>A Ag\u00eancia Nacional de Transportes Terrestres (ANTT) estabeleceu novas medidas a serem adotadas nos servi\u00e7os de transporte rodovi\u00e1rio interestadual e internacional de passageiros para preven\u00e7\u00e3o \u00e0 dissemina\u00e7\u00e3o do novo coronav\u00edrus. A&nbsp;<a href=\"https:\/\/agenciabrasil.ebc.com.br\/economia\/noticia\/2020-06\/covid-19-ANTT-atualiza-medidas-sanitarias-no-transporte-interestadual\" target=\"_blank\" rel=\"noreferrer noopener\">resolu\u00e7\u00e3o<\/a>&nbsp;que atualiza regras j\u00e1 determinadas pela ag\u00eancia&nbsp;foi&nbsp;<a href=\"https:\/\/pesquisa.in.gov.br\/imprensa\/jsp\/visualiza\/index.jsp?data=26\/11\/2020&amp;jornal=515&amp;pagina=87\" target=\"_blank\" rel=\"noreferrer noopener\">publicada&nbsp;<\/a>hoje (26) no&nbsp;<em>Di\u00e1rio Oficial da Uni\u00e3o<\/em>, e, diferente da norma anterior, n\u00e3o trata do transporte ferrovi\u00e1rio de passageiros.<img decoding=\"async\" src=\"https:\/\/agenciabrasil.ebc.com.br\/ebc.png?id=1394562&amp;o=node\"><img decoding=\"async\" src=\"https:\/\/agenciabrasil.ebc.com.br\/ebc.gif?id=1394562&amp;o=node\"><\/p>\n\n\n\n<p>A nova resolu\u00e7\u00e3o entra em vigor em 1\u00ba de dezembro e valer\u00e1 enquanto durar a situa\u00e7\u00e3o de emerg\u00eancia de sa\u00fade p\u00fablica, definida pelo Minist\u00e9rio da Sa\u00fade. O servi\u00e7o de transporte internacional continua suspenso, enquanto houver a restri\u00e7\u00e3o de entrada de estrangeiros no pa\u00eds. Entretanto, a ANTT pode autorizar o transporte em casos excepcionais, como o retorno de brasileiros ou estrangeiros aos seus respectivos pa\u00edses de origem.<\/p>\n\n\n\n<p>De acordo com a norma, as empresas que operam os servi\u00e7os de passageiros devem adotar medidas para limpeza e desinfec\u00e7\u00e3o dos ve\u00edculos, em especial para manter a qualidade do ambiente climatizado e impedir a prolifera\u00e7\u00e3o de microrganismos nocivos \u00e0 sa\u00fade. As empresas tamb\u00e9m devem criar estrat\u00e9gias para minimizar o contato entre os passageiros e instru\u00ed-los, a cada viagem, acerca das medidas b\u00e1sicas de higieniza\u00e7\u00e3o.<\/p>\n\n\n\n<p>No caso de ve\u00edculos n\u00e3o climatizados, a ANTT recomenda que as janelas permane\u00e7am abertas durante a viagem.<\/p>\n\n\n\n<p>Edi\u00e7\u00e3o: Maria Claudia<\/p>\n","protected":false},"excerpt":{"rendered":"<p>Resolu\u00e7\u00f5es valem apenas para o transporte rodovi\u00e1rio Por Andreia Verd\u00e9lio \u2013 Rep\u00f3rter da Ag\u00eancia Brasil<\/p>\n","protected":false},"author":2,"featured_media":6728,"comment_status":"open","ping_status":"open","sticky":false,"template":"","format":"standard","meta":{"footnotes":""},"categories":[13],"tags":[],"class_list":["post-6727","post","type-post","status-publish","format-standard","has-post-thumbnail","hentry","category-saude"],"_links":{"self":[{"href":"https:\/\/tvc16.com\/portal\/wp-json\/wp\/v2\/posts\/6727","targetHints":{"allow":["GET"]}}],"collection":[{"href":"https:\/\/tvc16.com\/portal\/wp-json\/wp\/v2\/posts"}],"about":[{"href":"https:\/\/tvc16.com\/portal\/wp-json\/wp\/v2\/types\/post"}],"author":[{"embeddable":true,"href":"https:\/\/tvc16.com\/portal\/wp-json\/wp\/v2\/users\/2"}],"replies":[{"embeddable":true,"href":"https:\/\/tvc16.com\/portal\/wp-json\/wp\/v2\/comments?post=6727"}],"version-history":[{"count":1,"href":"https:\/\/tvc16.com\/portal\/wp-json\/wp\/v2\/posts\/6727\/revisions"}],"predecessor-version":[{"id":6729,"href":"https:\/\/tvc16.com\/portal\/wp-json\/wp\/v2\/posts\/6727\/revisions\/6729"}],"wp:featuredmedia":[{"embeddable":true,"href":"https:\/\/tvc16.com\/portal\/wp-json\/wp\/v2\/media\/6728"}],"wp:attachment":[{"href":"https:\/\/tvc16.com\/portal\/wp-json\/wp\/v2\/media?parent=6727"}],"wp:term":[{"taxonomy":"category","embeddable":true,"href":"https:\/\/tvc16.com\/portal\/wp-json\/wp\/v2\/categories?post=6727"},{"taxonomy":"post_tag","embeddable":true,"href":"https:\/\/tvc16.com\/portal\/wp-json\/wp\/v2\/tags?post=6727"}],"curies":[{"name":"wp","href":"https:\/\/api.w.org\/{rel}","templated":true}]}}