{"id":6730,"date":"2020-11-26T13:10:49","date_gmt":"2020-11-26T16:10:49","guid":{"rendered":"https:\/\/tvc16.com\/portal\/?p=6730"},"modified":"2020-11-26T13:10:52","modified_gmt":"2020-11-26T16:10:52","slug":"covid-19-brasil-tem-616-milhoes-de-casos-acumulados-e-170-mil-mortes","status":"publish","type":"post","link":"https:\/\/tvc16.com\/portal\/2020\/11\/26\/covid-19-brasil-tem-616-milhoes-de-casos-acumulados-e-170-mil-mortes\/","title":{"rendered":"Covid-19: Brasil tem 6,16 milh\u00f5es de casos acumulados e 170 mil mortes"},"content":{"rendered":"\n<p>At\u00e9 o momento, 5.512.847 pessoas j\u00e1 se recuperaram da doen\u00e7a<\/p>\n\n\n\n<h4 class=\"wp-block-heading\">Por Jonas Valente \u2013 Rep\u00f3rter Ag\u00eancia Brasil &#8211; Bras\u00edlia<\/h4>\n\n\n\n<p>A pandemia do novo coronav\u00edrus j\u00e1 gerou 6.166.606 infectados desde o seu in\u00edcio. Nas \u00faltimas 24 horas, foram registrados 47.898 casos positivos. O n\u00famero \u00e9 54% maior do que o acr\u00e9scimo de ontem, quando foram adicionados \u00e0s estat\u00edsticas 31.100 novos registros. Ontem, o sistema marcava 6.118.708 pessoas com covid-19 desde o in\u00edcio da pandemia.<img decoding=\"async\" src=\"https:\/\/agenciabrasil.ebc.com.br\/ebc.png?id=1394527&amp;o=node\"><img decoding=\"async\" src=\"https:\/\/agenciabrasil.ebc.com.br\/ebc.gif?id=1394527&amp;o=node\"><\/p>\n\n\n\n<p>Os dados est\u00e3o na atualiza\u00e7\u00e3o di\u00e1ria do Minist\u00e9rio da Sa\u00fade, divulgada na noite desta quarta-feira (25). O \u00f3rg\u00e3o divulga a cada dia um balan\u00e7o a partir de informa\u00e7\u00f5es repassadas pelas secretarias estaduais de sa\u00fade.<\/p>\n\n\n\n<p>O n\u00famero de \u00f3bitos para a covid-19 totalizou 170.769. Nas \u00faltimas 24 horas, foram registradas 654 mortes, n\u00famero pouco acima das 630 novas inclu\u00eddas ontem. Na atualiza\u00e7\u00e3o di\u00e1ria de ontem, o sistema marcava 170.115 falecimentos. Ainda h\u00e1 2.177 \u00f3bitos em investiga\u00e7\u00e3o.<\/p>\n\n\n\n<p>Ainda conforme o balan\u00e7o do minist\u00e9rio, h\u00e1 482.990 pacientes em acompanhamento. Outras 5.512.847 pessoas j\u00e1 se recuperaram da doen\u00e7a.<\/p>\n\n\n\n<h2 class=\"wp-block-heading\">Covid-19 nos estados<\/h2>\n\n\n\n<p>Os estados com mais mortes causadas pela covid-19 s\u00e3o S\u00e3o Paulo (41.601), Rio de Janeiro (22.256), Minas Gerais (9.858), Cear\u00e1 (9.530), dado relativo a ontem, e Pernambuco (8.971). As Unidades da Federa\u00e7\u00e3o com menos \u00f3bitos pela doen\u00e7a s\u00e3o Acre (721), Roraima (722), Amap\u00e1 (799), Tocantins (1.153) e Rond\u00f4nia (1.534).<\/p>\n\n\n\n<figure class=\"wp-block-image\"><img decoding=\"async\" src=\"https:\/\/imagens.ebc.com.br\/a9yy-XA51GJivbt6xgcZcaAER1c=\/754x0\/smart\/https:\/\/agenciabrasil.ebc.com.br\/sites\/default\/files\/thumbnails\/image\/whatsapp_image_2020-11-25_at_19.18.33.jpeg?itok=bPRnQHjD\" alt=\"Situa\u00e7\u00e3o epidemiol\u00f3gica da covid-19 no Brasil 25\/11\/2020\" title=\"25\/11\/2020\/Divulga\u00e7\u00e3o\/Minist\u00e9rio da Sa\u00fade\"\/><\/figure>\n\n\n\n<p>Situa\u00e7\u00e3o epidemiol\u00f3gica da covid-19 no Brasil 25\/11\/2020 &#8211;&nbsp;<strong>25\/11\/2020\/Divulga\u00e7\u00e3o\/Minist\u00e9rio da Sa\u00fade<\/strong><\/p>\n\n\n\n<p>Edi\u00e7\u00e3o: Liliane Farias<\/p>\n","protected":false},"excerpt":{"rendered":"<p>At\u00e9 o momento, 5.512.847 pessoas j\u00e1 se recuperaram da doen\u00e7a Por Jonas Valente \u2013 Rep\u00f3rter<\/p>\n","protected":false},"author":2,"featured_media":6731,"comment_status":"open","ping_status":"open","sticky":false,"template":"","format":"standard","meta":{"footnotes":""},"categories":[13],"tags":[],"class_list":["post-6730","post","type-post","status-publish","format-standard","has-post-thumbnail","hentry","category-saude"],"_links":{"self":[{"href":"https:\/\/tvc16.com\/portal\/wp-json\/wp\/v2\/posts\/6730","targetHints":{"allow":["GET"]}}],"collection":[{"href":"https:\/\/tvc16.com\/portal\/wp-json\/wp\/v2\/posts"}],"about":[{"href":"https:\/\/tvc16.com\/portal\/wp-json\/wp\/v2\/types\/post"}],"author":[{"embeddable":true,"href":"https:\/\/tvc16.com\/portal\/wp-json\/wp\/v2\/users\/2"}],"replies":[{"embeddable":true,"href":"https:\/\/tvc16.com\/portal\/wp-json\/wp\/v2\/comments?post=6730"}],"version-history":[{"count":1,"href":"https:\/\/tvc16.com\/portal\/wp-json\/wp\/v2\/posts\/6730\/revisions"}],"predecessor-version":[{"id":6732,"href":"https:\/\/tvc16.com\/portal\/wp-json\/wp\/v2\/posts\/6730\/revisions\/6732"}],"wp:featuredmedia":[{"embeddable":true,"href":"https:\/\/tvc16.com\/portal\/wp-json\/wp\/v2\/media\/6731"}],"wp:attachment":[{"href":"https:\/\/tvc16.com\/portal\/wp-json\/wp\/v2\/media?parent=6730"}],"wp:term":[{"taxonomy":"category","embeddable":true,"href":"https:\/\/tvc16.com\/portal\/wp-json\/wp\/v2\/categories?post=6730"},{"taxonomy":"post_tag","embeddable":true,"href":"https:\/\/tvc16.com\/portal\/wp-json\/wp\/v2\/tags?post=6730"}],"curies":[{"name":"wp","href":"https:\/\/api.w.org\/{rel}","templated":true}]}}