{"id":6736,"date":"2020-11-26T13:13:43","date_gmt":"2020-11-26T16:13:43","guid":{"rendered":"https:\/\/tvc16.com\/portal\/?p=6736"},"modified":"2020-11-26T13:13:46","modified_gmt":"2020-11-26T16:13:46","slug":"tse-aprova-envio-de-tropas-federais-a-manaus-e-fortaleza","status":"publish","type":"post","link":"https:\/\/tvc16.com\/portal\/2020\/11\/26\/tse-aprova-envio-de-tropas-federais-a-manaus-e-fortaleza\/","title":{"rendered":"TSE aprova envio de tropas federais a Manaus e Fortaleza"},"content":{"rendered":"\n<p>O pleito est\u00e1 marcado para o pr\u00f3ximo domingo<\/p>\n\n\n\n<h4 class=\"wp-block-heading\">Por Felipe Pontes &#8211; Rep\u00f3rter da Ag\u00eancia Brasil &#8211; Bras\u00edlia<\/h4>\n\n\n\n<p>O Tribunal Superior Eleitoral (TSE) aprovou&nbsp;hoje (26)&nbsp;o envio de tropas federais para atuar no segundo turno das elei\u00e7\u00f5es municipais em Manaus e Fortaleza, bem como no munic\u00edpio cearense de Caucaia. O pleito est\u00e1 marcado para o pr\u00f3ximo domingo (29).<img decoding=\"async\" src=\"https:\/\/agenciabrasil.ebc.com.br\/ebc.png?id=1394567&amp;o=node\"><img decoding=\"async\" src=\"https:\/\/agenciabrasil.ebc.com.br\/ebc.gif?id=1394567&amp;o=node\"><\/p>\n\n\n\n<p>O emprego do efetivo federal foi pedido pelo Tribunal Regional Eleitoral (TRE) de cada estado, que alega aumento no n\u00famero de crimes violentos e a presen\u00e7a de fac\u00e7\u00f5es criminosas nas proximidades de se\u00e7\u00f5es de vota\u00e7\u00e3o. Os governos do Cear\u00e1 e do Amazonas deram anu\u00eancia.<\/p>\n\n\n\n<p>O presidente do TSE, Lu\u00eds Roberto Barroso, ressaltou a preocupa\u00e7\u00e3o de toda a Justi\u00e7a Eleitoral com o aumento dos&nbsp;<a href=\"https:\/\/agenciabrasil.ebc.com.br\/eleicoes-2020\/noticia\/2020-11\/tse-registra-264-crimes-de-violencia-contra-candidatos-desde-janeiro\" target=\"_blank\" rel=\"noreferrer noopener\">crimes violentos com motiva\u00e7\u00e3o pol\u00edtica no atual ciclo eleitoral<\/a>. \u201c\u00c9 muito preocupante\u201d, afirmou o ministro.<\/p>\n\n\n\n<p>Edi\u00e7\u00e3o: Fernando Fraga<\/p>\n","protected":false},"excerpt":{"rendered":"<p>O pleito est\u00e1 marcado para o pr\u00f3ximo domingo Por Felipe Pontes &#8211; Rep\u00f3rter da Ag\u00eancia<\/p>\n","protected":false},"author":2,"featured_media":6737,"comment_status":"open","ping_status":"open","sticky":false,"template":"","format":"standard","meta":{"footnotes":""},"categories":[17],"tags":[],"class_list":["post-6736","post","type-post","status-publish","format-standard","has-post-thumbnail","hentry","category-outras-noticias"],"_links":{"self":[{"href":"https:\/\/tvc16.com\/portal\/wp-json\/wp\/v2\/posts\/6736","targetHints":{"allow":["GET"]}}],"collection":[{"href":"https:\/\/tvc16.com\/portal\/wp-json\/wp\/v2\/posts"}],"about":[{"href":"https:\/\/tvc16.com\/portal\/wp-json\/wp\/v2\/types\/post"}],"author":[{"embeddable":true,"href":"https:\/\/tvc16.com\/portal\/wp-json\/wp\/v2\/users\/2"}],"replies":[{"embeddable":true,"href":"https:\/\/tvc16.com\/portal\/wp-json\/wp\/v2\/comments?post=6736"}],"version-history":[{"count":1,"href":"https:\/\/tvc16.com\/portal\/wp-json\/wp\/v2\/posts\/6736\/revisions"}],"predecessor-version":[{"id":6738,"href":"https:\/\/tvc16.com\/portal\/wp-json\/wp\/v2\/posts\/6736\/revisions\/6738"}],"wp:featuredmedia":[{"embeddable":true,"href":"https:\/\/tvc16.com\/portal\/wp-json\/wp\/v2\/media\/6737"}],"wp:attachment":[{"href":"https:\/\/tvc16.com\/portal\/wp-json\/wp\/v2\/media?parent=6736"}],"wp:term":[{"taxonomy":"category","embeddable":true,"href":"https:\/\/tvc16.com\/portal\/wp-json\/wp\/v2\/categories?post=6736"},{"taxonomy":"post_tag","embeddable":true,"href":"https:\/\/tvc16.com\/portal\/wp-json\/wp\/v2\/tags?post=6736"}],"curies":[{"name":"wp","href":"https:\/\/api.w.org\/{rel}","templated":true}]}}