{"id":6739,"date":"2020-11-26T16:30:04","date_gmt":"2020-11-26T19:30:04","guid":{"rendered":"https:\/\/tvc16.com\/portal\/?p=6739"},"modified":"2020-11-26T16:30:07","modified_gmt":"2020-11-26T19:30:07","slug":"testagens-em-massa-continuam-nesta-sexta-feira","status":"publish","type":"post","link":"https:\/\/tvc16.com\/portal\/2020\/11\/26\/testagens-em-massa-continuam-nesta-sexta-feira\/","title":{"rendered":"Testagens em massa continuam nesta sexta-feira"},"content":{"rendered":"\n<p>A prefeitura informa que amanh\u00e3, sexta-feira (27\/11), far\u00e1 a testagem em massa da popula\u00e7\u00e3o na Rua Teresa e nas Comunidades do Neylor e Alem\u00e3o. Na Rua Teresa, duas equipes m\u00f3veis v\u00e3o percorrer os locais para a realiza\u00e7\u00e3o da testagem. Na Comunidade do Neylor, os testes ser\u00e3o feitos na Igreja Metodista Wesleyana. No Alem\u00e3o, as equipes atender\u00e3o a popula\u00e7\u00e3o na Associa\u00e7\u00e3o de Moradores. <\/p>\n\n\n\n<p>Al\u00e9m disso, equipes volantes v\u00e3o passar de casa em casa testando os moradores de ambas as comunidades contra o novo coronav\u00edrus. As a\u00e7\u00f5es fazem parte da preven\u00e7\u00e3o de uma segunda onda da COVID-19.<br>Nesta quinta-feira (26\/11), equipes fixas e m\u00f3veis est\u00e3o realizando a testagem na Posse e em Araras, desde \u00e0s 9h. Al\u00e9m das equipes que ir\u00e3o atuar de porta em porta, os pontos fixos est\u00e3o, respectivamente, na Pra\u00e7a CEU e na Unidade B\u00e1sica de Sa\u00fade (UBS).<\/p>\n\n\n\n<p><br>\u201cPercebemos o aumento de casos na cidade e colocamos em pr\u00e1tica nossos planos de prote\u00e7\u00e3o \u00e0 popula\u00e7\u00e3o. Al\u00e9m disso aumentamos, ainda mais, nosso monitoramento da COVID-19 na cidade. Temos agido com base em informa\u00e7\u00f5es importantes, como locais de maior \u00edndice de contamina\u00e7\u00e3o e \u00f3bitos no munic\u00edpio. Munic\u00edpios pr\u00f3ximos j\u00e1 apresentam quadros cr\u00edticos de sa\u00fade causados pela pandemia, Petr\u00f3polis se mant\u00e9m segura e com baixos \u00edndices de interna\u00e7\u00e3o\u201d, afirmou a secret\u00e1ria de sa\u00fade do munic\u00edpio, Fab\u00edola Heck.<\/p>\n\n\n\n<p><br>Para os atendimentos \u00e9 exigido um documento de identifica\u00e7\u00e3o com foto e n\u00e3o \u00e9 necess\u00e1ria a realiza\u00e7\u00e3o de cadastro pr\u00e9vio. Os usu\u00e1rios testados, nos pontos fixos e em casa, recebem o resultado em 15 minutos pela equipe t\u00e9cnica respons\u00e1vel pelo trabalho. O trabalho acontece sempre das 09h \u00e0s 16h.<\/p>\n\n\n\n<p><\/p>\n","protected":false},"excerpt":{"rendered":"<p>A prefeitura informa que amanh\u00e3, sexta-feira (27\/11), far\u00e1 a testagem em massa da popula\u00e7\u00e3o na<\/p>\n","protected":false},"author":2,"featured_media":6740,"comment_status":"open","ping_status":"open","sticky":false,"template":"","format":"standard","meta":{"footnotes":""},"categories":[12],"tags":[],"class_list":["post-6739","post","type-post","status-publish","format-standard","has-post-thumbnail","hentry","category-cidade"],"_links":{"self":[{"href":"https:\/\/tvc16.com\/portal\/wp-json\/wp\/v2\/posts\/6739","targetHints":{"allow":["GET"]}}],"collection":[{"href":"https:\/\/tvc16.com\/portal\/wp-json\/wp\/v2\/posts"}],"about":[{"href":"https:\/\/tvc16.com\/portal\/wp-json\/wp\/v2\/types\/post"}],"author":[{"embeddable":true,"href":"https:\/\/tvc16.com\/portal\/wp-json\/wp\/v2\/users\/2"}],"replies":[{"embeddable":true,"href":"https:\/\/tvc16.com\/portal\/wp-json\/wp\/v2\/comments?post=6739"}],"version-history":[{"count":1,"href":"https:\/\/tvc16.com\/portal\/wp-json\/wp\/v2\/posts\/6739\/revisions"}],"predecessor-version":[{"id":6741,"href":"https:\/\/tvc16.com\/portal\/wp-json\/wp\/v2\/posts\/6739\/revisions\/6741"}],"wp:featuredmedia":[{"embeddable":true,"href":"https:\/\/tvc16.com\/portal\/wp-json\/wp\/v2\/media\/6740"}],"wp:attachment":[{"href":"https:\/\/tvc16.com\/portal\/wp-json\/wp\/v2\/media?parent=6739"}],"wp:term":[{"taxonomy":"category","embeddable":true,"href":"https:\/\/tvc16.com\/portal\/wp-json\/wp\/v2\/categories?post=6739"},{"taxonomy":"post_tag","embeddable":true,"href":"https:\/\/tvc16.com\/portal\/wp-json\/wp\/v2\/tags?post=6739"}],"curies":[{"name":"wp","href":"https:\/\/api.w.org\/{rel}","templated":true}]}}