{"id":6745,"date":"2020-11-26T18:41:37","date_gmt":"2020-11-26T21:41:37","guid":{"rendered":"https:\/\/tvc16.com\/portal\/?p=6745"},"modified":"2020-11-26T19:39:16","modified_gmt":"2020-11-26T22:39:16","slug":"dom-gregorio-paixao-envia-mensagem-e-alerta-sobre-cuidados-para-com-covid-19","status":"publish","type":"post","link":"https:\/\/tvc16.com\/portal\/2020\/11\/26\/dom-gregorio-paixao-envia-mensagem-e-alerta-sobre-cuidados-para-com-covid-19\/","title":{"rendered":"Bispo Dom Gregr\u00f3rio Paix\u00e3o est\u00e1 curado do novo coronav\u00edrus"},"content":{"rendered":"\n<p>O bispo diocesano Dom Greg\u00f3rio Paix\u00e3o, OSB, pediu nesta quinta-feira (26) que todos tenham aten\u00e7\u00e3o para os cuidados com a Covid-19, para evitar o cont\u00e1gio da doen\u00e7a. Ele aproveitou ainda para anunciar que est\u00e1 curado do novo coronav\u00edrus.<\/p>\n\n\n\n<p>\u201cTendo experimentado esse pesadelo! Posso dizer que a doen\u00e7a \u00e9 grave e prejudica muito nosso organismo. Pe\u00e7o inclusive que releiam o \u00faltimo decreto do munic\u00edpio com as orienta\u00e7\u00f5es para evitar o cont\u00e1gio, que agora vem como uma esp\u00e9cie de segunda onda,\u201d afirmou o Bispo da Diocese de Petr\u00f3polis\u201d.<\/p>\n\n\n\n<p>Estado de sa\u00fade do padre Francisco \u00e9 positivo<\/p>\n\n\n\n<p>Dom Greg\u00f3rio falou ainda sobre o estado de sa\u00fade do Pe. Francisco Montemezzo que est\u00e1 internado tratando uma infec\u00e7\u00e3o urin\u00e1ria. \u201cEle est\u00e1 melhorando das sequelas deixadas pelo AVC. Pe\u00e7o as ora\u00e7\u00f5es de todos para que ele saia do hospital o quanto antes, a fim de que, com a gra\u00e7a de Deus obtenhamos o seu pronto restabelecimento\u201d, disse.<\/p>\n\n\n\n<p>Padre Milton est\u00e1 se recuperando<\/p>\n\n\n\n<p>Quanto ao padre Milton Mecab\u00f4, Dom Greg\u00f3rio afirmou que \u00e9 vis\u00edvel a melhora de seu quadro de sa\u00fade. P padre continua o tratamento no Lar S\u00e3o Jo\u00e3o de Deus onde tamb\u00e9m evangeliza.<\/p>\n\n\n\n<p><br><\/p>\n","protected":false},"excerpt":{"rendered":"<p>O bispo diocesano Dom Greg\u00f3rio Paix\u00e3o, OSB, pediu nesta quinta-feira (26) que todos tenham aten\u00e7\u00e3o<\/p>\n","protected":false},"author":2,"featured_media":6747,"comment_status":"open","ping_status":"open","sticky":false,"template":"","format":"standard","meta":{"footnotes":""},"categories":[12],"tags":[],"class_list":["post-6745","post","type-post","status-publish","format-standard","has-post-thumbnail","hentry","category-cidade"],"_links":{"self":[{"href":"https:\/\/tvc16.com\/portal\/wp-json\/wp\/v2\/posts\/6745","targetHints":{"allow":["GET"]}}],"collection":[{"href":"https:\/\/tvc16.com\/portal\/wp-json\/wp\/v2\/posts"}],"about":[{"href":"https:\/\/tvc16.com\/portal\/wp-json\/wp\/v2\/types\/post"}],"author":[{"embeddable":true,"href":"https:\/\/tvc16.com\/portal\/wp-json\/wp\/v2\/users\/2"}],"replies":[{"embeddable":true,"href":"https:\/\/tvc16.com\/portal\/wp-json\/wp\/v2\/comments?post=6745"}],"version-history":[{"count":3,"href":"https:\/\/tvc16.com\/portal\/wp-json\/wp\/v2\/posts\/6745\/revisions"}],"predecessor-version":[{"id":6757,"href":"https:\/\/tvc16.com\/portal\/wp-json\/wp\/v2\/posts\/6745\/revisions\/6757"}],"wp:featuredmedia":[{"embeddable":true,"href":"https:\/\/tvc16.com\/portal\/wp-json\/wp\/v2\/media\/6747"}],"wp:attachment":[{"href":"https:\/\/tvc16.com\/portal\/wp-json\/wp\/v2\/media?parent=6745"}],"wp:term":[{"taxonomy":"category","embeddable":true,"href":"https:\/\/tvc16.com\/portal\/wp-json\/wp\/v2\/categories?post=6745"},{"taxonomy":"post_tag","embeddable":true,"href":"https:\/\/tvc16.com\/portal\/wp-json\/wp\/v2\/tags?post=6745"}],"curies":[{"name":"wp","href":"https:\/\/api.w.org\/{rel}","templated":true}]}}