{"id":6754,"date":"2020-11-26T19:04:25","date_gmt":"2020-11-26T22:04:25","guid":{"rendered":"https:\/\/tvc16.com\/portal\/?p=6754"},"modified":"2020-11-26T19:04:30","modified_gmt":"2020-11-26T22:04:30","slug":"mais-cinco-pessoas-morrem-de-covid-19-em-petropolis","status":"publish","type":"post","link":"https:\/\/tvc16.com\/portal\/2020\/11\/26\/mais-cinco-pessoas-morrem-de-covid-19-em-petropolis\/","title":{"rendered":"Mais cinco pessoas morrem de Covid-19 em Petr\u00f3polis"},"content":{"rendered":"\n<p>Mais cinco mortes por Covid-19 foram registradas em Petr\u00f3polis. Al\u00e9m disso a cidade ultrapassou a marca de 300 \u00f3bitos causados pela doen\u00e7a. Ao todo, 304 petropolitanos morreram devido ao novo coronav\u00edrus desde o in\u00edcio da pandemia, em mar\u00e7o. A informa\u00e7\u00e3o foi divulgada pela Secretaria Municipal de Sa\u00fade no boletim epidemiol\u00f3gico desta quinta-feira (26).<\/p>\n\n\n\n<p>O \u00f3rg\u00e3o confirmou ainda 68 novos casos da doen\u00e7a, totalizando 9 mil infectados. As novas confirma\u00e7\u00f5es em 24 horas n\u00e3o significam que as mortes e casos aconteceram de um dia para o outro, mas que foram contabilizadas no sistema neste per\u00edodo. <\/p>\n\n\n\n<p>As v\u00edtimas fatais eram quatro mulheres, com idades entre 61 e 83 anos, e um idoso, de 93 anos, estavam internados em unidades hospitalares da cidade. S\u00e3o eles:<\/p>\n\n\n\n<p>&#8211; Mulher, de 83 anos, moradora do Caxambu. Ela foi internada no dia 9 novembro no Hospital SOC e faleceu na ter\u00e7a-feira (24). Paciente com miocardiopatia dilatada e fibrila\u00e7\u00e3o atrial.<\/p>\n\n\n\n<p>&#8211; Mulher, de 61 anos, moradora da Castel\u00e2nea. Ela foi internada no dia 14 de novembro no Hospital Municipal Nelson de S\u00e1 Earp (HMNSE) e faleceu na quarta-feira (25). Paciente com obesidade, diabetes, hipertens\u00e3o arterial e leucemia.<\/p>\n\n\n\n<p>&#8211; Mulher, de 75 anos, moradora do Vale do Carangola. Ela foi internada no dia 15 de novembro no Hospital Alcides Carneiro (HAC) e faleceu na quarta-feira (25). Paciente com neoplasia do endom\u00e9trio.<\/p>\n\n\n\n<p>&#8211; Mulher, de 75 anos, moradora do Morin. Ela foi internada no dia 13 de novembro no Hospital Unimed e faleceu na ter\u00e7a-feira (24). Paciente com neoplasia de mama.<\/p>\n\n\n\n<p>\u2013 Homem, de 93 anos, morador de Corr\u00eaas. Ele foi internado no dia 21 de novembro no Hospital Alcides Carneiro (HAC) e faleceu na segunda-feira (23). Paciente com diabetes.<\/p>\n\n\n\n<p>De acordo com o boletim, at\u00e9 o momento foram realizados 79.201 testes na cidade. Desses, 69.359 resultaram negativos, 9.000 positivos e 842 est\u00e3o em an\u00e1lise, entre PCR e testes r\u00e1pidos. Do total de casos positivos, segundo a Secretaria de Sa\u00fade, 7.679 pessoas est\u00e3o recuperadas do coronav\u00edrus. Esse n\u00famero se refere \u00e0s pessoas que estiveram internadas nas unidades hospitalares da cidade ou que se mantiveram em isolamento domiciliar e que, hoje, n\u00e3o apresentam mais os principais sintomas da doen\u00e7a.<\/p>\n\n\n\n<p>H\u00e1 100 pacientes internados na cidade, podendo ser casos positivos ou ainda em investiga\u00e7\u00e3o esperando o resultado do teste. Nesta quinta-feira (26), o munic\u00edpio contabiliza pelo SUS 31,48% dos leitos cl\u00ednicos e 27,14% de UTI ocupados com pacientes infectados com coronav\u00edrus.<\/p>\n\n\n\n<p>A prefeitura ressaltou que os n\u00fameros de pacientes internados s\u00e3o referentes a todos os hospitais de Petr\u00f3polis, incluindo os particulares. J\u00e1 a taxa apresentada identifica a ocupa\u00e7\u00e3o dos leitos disponibilizados somente pelo SUS. Por essa raz\u00e3o, mesmo que haja oscila\u00e7\u00e3o no n\u00famero de internados, n\u00e3o necessariamente a taxa de ocupa\u00e7\u00e3o ser\u00e1 alterada.<\/p>\n","protected":false},"excerpt":{"rendered":"<p>Mais cinco mortes por Covid-19 foram registradas em Petr\u00f3polis. Al\u00e9m disso a cidade ultrapassou a<\/p>\n","protected":false},"author":2,"featured_media":6755,"comment_status":"open","ping_status":"open","sticky":false,"template":"","format":"standard","meta":{"footnotes":""},"categories":[12],"tags":[],"class_list":["post-6754","post","type-post","status-publish","format-standard","has-post-thumbnail","hentry","category-cidade"],"_links":{"self":[{"href":"https:\/\/tvc16.com\/portal\/wp-json\/wp\/v2\/posts\/6754","targetHints":{"allow":["GET"]}}],"collection":[{"href":"https:\/\/tvc16.com\/portal\/wp-json\/wp\/v2\/posts"}],"about":[{"href":"https:\/\/tvc16.com\/portal\/wp-json\/wp\/v2\/types\/post"}],"author":[{"embeddable":true,"href":"https:\/\/tvc16.com\/portal\/wp-json\/wp\/v2\/users\/2"}],"replies":[{"embeddable":true,"href":"https:\/\/tvc16.com\/portal\/wp-json\/wp\/v2\/comments?post=6754"}],"version-history":[{"count":1,"href":"https:\/\/tvc16.com\/portal\/wp-json\/wp\/v2\/posts\/6754\/revisions"}],"predecessor-version":[{"id":6756,"href":"https:\/\/tvc16.com\/portal\/wp-json\/wp\/v2\/posts\/6754\/revisions\/6756"}],"wp:featuredmedia":[{"embeddable":true,"href":"https:\/\/tvc16.com\/portal\/wp-json\/wp\/v2\/media\/6755"}],"wp:attachment":[{"href":"https:\/\/tvc16.com\/portal\/wp-json\/wp\/v2\/media?parent=6754"}],"wp:term":[{"taxonomy":"category","embeddable":true,"href":"https:\/\/tvc16.com\/portal\/wp-json\/wp\/v2\/categories?post=6754"},{"taxonomy":"post_tag","embeddable":true,"href":"https:\/\/tvc16.com\/portal\/wp-json\/wp\/v2\/tags?post=6754"}],"curies":[{"name":"wp","href":"https:\/\/api.w.org\/{rel}","templated":true}]}}