{"id":676,"date":"2020-09-18T11:46:43","date_gmt":"2020-09-18T11:46:43","guid":{"rendered":"https:\/\/tvc16.com\/portal\/?p=676"},"modified":"2020-09-18T14:42:59","modified_gmt":"2020-09-18T14:42:59","slug":"semana-nacional-de-transito-comeca-hoje-em-todo-o-pais","status":"publish","type":"post","link":"https:\/\/tvc16.com\/portal\/2020\/09\/18\/semana-nacional-de-transito-comeca-hoje-em-todo-o-pais\/","title":{"rendered":"Semana Nacional de Tr\u00e2nsito come\u00e7a hoje em todo o pa\u00eds"},"content":{"rendered":"\n<p>Tema deste ano \u00e9 &#8220;Perceba o risco, proteja a vida&#8221;<\/p>\n\n\n\n<p>Come\u00e7a nesta sexta-feira (18) e vai at\u00e9 dia 25 pr\u00f3ximo, a Semana Nacional de Tr\u00e2nsito (SNT). Durante o per\u00edodo, a\u00e7\u00f5es em todo o pa\u00eds s\u00e3o realizadas pelos \u00f3rg\u00e3os do Sistema Nacional de Tr\u00e2nsito com o objetivo de conscientizar motoristas, passageiros, motociclistas, ciclistas e pedestres.<img decoding=\"async\" src=\"https:\/\/agenciabrasil.ebc.com.br\/ebc.png?id=1388305&amp;o=node\"><img decoding=\"async\" src=\"https:\/\/agenciabrasil.ebc.com.br\/ebc.gif?id=1388305&amp;o=node\"><\/p>\n\n\n\n<p>Com o tema &#8220;Perceba o risco, proteja a vida&#8221;, definido pelo Conselho Nacional de Tr\u00e2nsito, o foco \u00e9 chamar a aten\u00e7\u00e3o sobre os perigos no tr\u00e2nsito e outros riscos \u00e0 sa\u00fade do cidad\u00e3o.&nbsp;<\/p>\n\n\n\n<p>Por causa das medidas de isolamento social para enfrentamento do novo coronav\u00edrus, este ano a semana ocorrer\u00e1 em formato digital e ser\u00e1 denominada &#8220;O Detran&nbsp; na sua vida&#8221;. A iniciativa traz tamb\u00e9m o tema das campanhas educativas para este ano.<\/p>\n\n\n\n<h2 class=\"wp-block-heading\">ONU<\/h2>\n\n\n\n<p>A realiza\u00e7\u00e3o da SNT 2020 coincide com o fim da D\u00e9cada de A\u00e7\u00f5es pelo Tr\u00e2nsito Seguro, proposta pela Organiza\u00e7\u00e3o das Na\u00e7\u00f5es Unidas (ONU), na qual os governos dos diferentes pa\u00edses se comprometeram a tomar medidas para prevenir os acidentes, que matam cerca de 1,25 milh\u00e3o de pessoas por ano.&nbsp;<\/p>\n\n\n\n<p>Em 2020, a campanha brasileira tem foco na preserva\u00e7\u00e3o de vidas, por meio de a\u00e7\u00f5es de conscientiza\u00e7\u00e3o voltadas para educa\u00e7\u00e3o, engenharia e fiscaliza\u00e7\u00e3o de tr\u00e2nsito, seguindo as recomenda\u00e7\u00f5es do Plano Nacional de Redu\u00e7\u00e3o de Mortes e Les\u00f5es no Tr\u00e2nsito.<\/p>\n\n\n\n<p>Como os acidentes no tr\u00e2nsito constituem uma das maiores causas de mortes no mundo, a meta da semana \u00e9 conscientizar a popula\u00e7\u00e3o sobre a import\u00e2ncia da mudan\u00e7a de atitude, ressaltando que cada um \u00e9 respons\u00e1vel pela seguran\u00e7a de todos e, por isso, deve perceber os riscos e proteger a pr\u00f3pria vida e a dos demais ao seu redor.&nbsp;<\/p>\n\n\n\n<p>\u201cEspera-se que as pessoas adotem novos comportamentos, valorizando a vida e, assim, seja poss\u00edvel reduzir o elevado n\u00famero de les\u00f5es e de mortes causadas pelos acidentes de tr\u00e2nsito no Brasil\u201d, ressalta o Departamento Nacional de Tr\u00e2nsito.<\/p>\n\n\n\n<p>As atividades da Semana Nacional de Tr\u00e2nsito incluem, tamb\u00e9m, palestras sobre temas variados.<\/p>\n\n\n\n<p>Karine Melo &#8211; Rep\u00f3rter da Ag\u00eancia Brasil &#8211; Bras\u00edlia<\/p>\n\n\n\n<p>Edi\u00e7\u00e3o: Kleber Sampaio<\/p>\n","protected":false},"excerpt":{"rendered":"<p>Tema deste ano \u00e9 &#8220;Perceba o risco, proteja a vida&#8221; Come\u00e7a nesta sexta-feira (18) e<\/p>\n","protected":false},"author":2,"featured_media":677,"comment_status":"open","ping_status":"open","sticky":false,"template":"","format":"standard","meta":{"footnotes":""},"categories":[17],"tags":[],"class_list":["post-676","post","type-post","status-publish","format-standard","has-post-thumbnail","hentry","category-outras-noticias"],"_links":{"self":[{"href":"https:\/\/tvc16.com\/portal\/wp-json\/wp\/v2\/posts\/676","targetHints":{"allow":["GET"]}}],"collection":[{"href":"https:\/\/tvc16.com\/portal\/wp-json\/wp\/v2\/posts"}],"about":[{"href":"https:\/\/tvc16.com\/portal\/wp-json\/wp\/v2\/types\/post"}],"author":[{"embeddable":true,"href":"https:\/\/tvc16.com\/portal\/wp-json\/wp\/v2\/users\/2"}],"replies":[{"embeddable":true,"href":"https:\/\/tvc16.com\/portal\/wp-json\/wp\/v2\/comments?post=676"}],"version-history":[{"count":1,"href":"https:\/\/tvc16.com\/portal\/wp-json\/wp\/v2\/posts\/676\/revisions"}],"predecessor-version":[{"id":678,"href":"https:\/\/tvc16.com\/portal\/wp-json\/wp\/v2\/posts\/676\/revisions\/678"}],"wp:featuredmedia":[{"embeddable":true,"href":"https:\/\/tvc16.com\/portal\/wp-json\/wp\/v2\/media\/677"}],"wp:attachment":[{"href":"https:\/\/tvc16.com\/portal\/wp-json\/wp\/v2\/media?parent=676"}],"wp:term":[{"taxonomy":"category","embeddable":true,"href":"https:\/\/tvc16.com\/portal\/wp-json\/wp\/v2\/categories?post=676"},{"taxonomy":"post_tag","embeddable":true,"href":"https:\/\/tvc16.com\/portal\/wp-json\/wp\/v2\/tags?post=676"}],"curies":[{"name":"wp","href":"https:\/\/api.w.org\/{rel}","templated":true}]}}