{"id":6761,"date":"2020-11-27T12:32:14","date_gmt":"2020-11-27T15:32:14","guid":{"rendered":"https:\/\/tvc16.com\/portal\/?p=6761"},"modified":"2020-11-27T12:32:17","modified_gmt":"2020-11-27T15:32:17","slug":"traficante-e-preso-no-sao-sebastiao","status":"publish","type":"post","link":"https:\/\/tvc16.com\/portal\/2020\/11\/27\/traficante-e-preso-no-sao-sebastiao\/","title":{"rendered":"Traficante \u00e9 preso no S\u00e3o Sebasti\u00e3o"},"content":{"rendered":"\n<p>Um homem, de 22 anos, foi preso nesta quinta-feira (26) pela Pol\u00edcia Militar, na Rua Vital Brasil, no S\u00e3o Sebasti\u00e3o. Os agentes chegaram ao local ap\u00f3s den\u00fancias an\u00f4nimas que informaram sobre dois suspeitos vendendo drogas na regi\u00e3o. Durante a abordagem um dos acusados conseguiu fugir com duas sacolas. J\u00e1 com o rapaz detido foram apreendidas 240 trouxinhas de maconha (135g), 316 pinos de coca\u00edna e R$ 20 em dinheiro. Ele foi levado para a 105\u00aa Delegacia de Pol\u00edcia, no Retiro, onde foi autuado por tr\u00e1fico de drogas e permaneceu preso.<\/p>\n","protected":false},"excerpt":{"rendered":"<p>Um homem, de 22 anos, foi preso nesta quinta-feira (26) pela Pol\u00edcia Militar, na Rua<\/p>\n","protected":false},"author":2,"featured_media":6762,"comment_status":"open","ping_status":"open","sticky":false,"template":"","format":"standard","meta":{"footnotes":""},"categories":[12],"tags":[],"class_list":["post-6761","post","type-post","status-publish","format-standard","has-post-thumbnail","hentry","category-cidade"],"_links":{"self":[{"href":"https:\/\/tvc16.com\/portal\/wp-json\/wp\/v2\/posts\/6761","targetHints":{"allow":["GET"]}}],"collection":[{"href":"https:\/\/tvc16.com\/portal\/wp-json\/wp\/v2\/posts"}],"about":[{"href":"https:\/\/tvc16.com\/portal\/wp-json\/wp\/v2\/types\/post"}],"author":[{"embeddable":true,"href":"https:\/\/tvc16.com\/portal\/wp-json\/wp\/v2\/users\/2"}],"replies":[{"embeddable":true,"href":"https:\/\/tvc16.com\/portal\/wp-json\/wp\/v2\/comments?post=6761"}],"version-history":[{"count":1,"href":"https:\/\/tvc16.com\/portal\/wp-json\/wp\/v2\/posts\/6761\/revisions"}],"predecessor-version":[{"id":6763,"href":"https:\/\/tvc16.com\/portal\/wp-json\/wp\/v2\/posts\/6761\/revisions\/6763"}],"wp:featuredmedia":[{"embeddable":true,"href":"https:\/\/tvc16.com\/portal\/wp-json\/wp\/v2\/media\/6762"}],"wp:attachment":[{"href":"https:\/\/tvc16.com\/portal\/wp-json\/wp\/v2\/media?parent=6761"}],"wp:term":[{"taxonomy":"category","embeddable":true,"href":"https:\/\/tvc16.com\/portal\/wp-json\/wp\/v2\/categories?post=6761"},{"taxonomy":"post_tag","embeddable":true,"href":"https:\/\/tvc16.com\/portal\/wp-json\/wp\/v2\/tags?post=6761"}],"curies":[{"name":"wp","href":"https:\/\/api.w.org\/{rel}","templated":true}]}}