{"id":6764,"date":"2020-11-27T12:35:17","date_gmt":"2020-11-27T15:35:17","guid":{"rendered":"https:\/\/tvc16.com\/portal\/?p=6764"},"modified":"2020-11-27T12:37:32","modified_gmt":"2020-11-27T15:37:32","slug":"funcionamento-de-feiras-livres-sofrera-alteracao-durante-eleicoes","status":"publish","type":"post","link":"https:\/\/tvc16.com\/portal\/2020\/11\/27\/funcionamento-de-feiras-livres-sofrera-alteracao-durante-eleicoes\/","title":{"rendered":"Funcionamento de feiras livres sofrer\u00e1 altera\u00e7\u00e3o durante elei\u00e7\u00f5es"},"content":{"rendered":"\n<p>Devido ao 2\u00ba turno das elei\u00e7\u00f5es a feira Livre que acontece aos domingos no Alto da Serra, ser\u00e1 transferida para a Rua Souza Franco, no Centro. A do Alto da Serra vai ocorrer no Centro, na Rua Souza Franco, no mesmo local que \u00e9 realizada a feira de s\u00e1bado, atendendo a uma determina\u00e7\u00e3o do Tribunal Regional Eleitoral do Rio de Janeiro. Apenas nesse dia haver\u00e1 a mudan\u00e7a de local.<\/p>\n\n\n\n<p>O hor\u00e1rio de funcionamento continuar\u00e1 o mesmo: das 6h \u00e0s 14h. De acordo com a solicita\u00e7\u00e3o do TER encaminhada ao Departamento de Agricultura da Secretaria de Desenvolvimento Econ\u00f4mico, a mudan\u00e7a \u00e9 necess\u00e1ria para garantir a locomo\u00e7\u00e3o dos cidad\u00e3os e prevenir problemas na reten\u00e7\u00e3o na localidade, j\u00e1 que a Rua Teresa, na altura do BNH do Alto da Serra, fica fechada durante o funcionamento da feira livre.<\/p>\n\n\n\n<p>Vale salientar que a mudan\u00e7a \u00e9 v\u00e1lida somente para a feira do Alto da Serra. O funcionamento do Hortomercado de Itaipava e das demais feiras de domingo, que ocorrem no S\u00e3o Sebasti\u00e3o, Itamarati, Corr\u00eaas, Nogueira e Duarte da Silveira est\u00e3o mantidas.<\/p>\n","protected":false},"excerpt":{"rendered":"<p>Devido ao 2\u00ba turno das elei\u00e7\u00f5es a feira Livre que acontece aos domingos no Alto<\/p>\n","protected":false},"author":2,"featured_media":6768,"comment_status":"open","ping_status":"open","sticky":false,"template":"","format":"standard","meta":{"footnotes":""},"categories":[12],"tags":[],"class_list":["post-6764","post","type-post","status-publish","format-standard","has-post-thumbnail","hentry","category-cidade"],"_links":{"self":[{"href":"https:\/\/tvc16.com\/portal\/wp-json\/wp\/v2\/posts\/6764","targetHints":{"allow":["GET"]}}],"collection":[{"href":"https:\/\/tvc16.com\/portal\/wp-json\/wp\/v2\/posts"}],"about":[{"href":"https:\/\/tvc16.com\/portal\/wp-json\/wp\/v2\/types\/post"}],"author":[{"embeddable":true,"href":"https:\/\/tvc16.com\/portal\/wp-json\/wp\/v2\/users\/2"}],"replies":[{"embeddable":true,"href":"https:\/\/tvc16.com\/portal\/wp-json\/wp\/v2\/comments?post=6764"}],"version-history":[{"count":1,"href":"https:\/\/tvc16.com\/portal\/wp-json\/wp\/v2\/posts\/6764\/revisions"}],"predecessor-version":[{"id":6766,"href":"https:\/\/tvc16.com\/portal\/wp-json\/wp\/v2\/posts\/6764\/revisions\/6766"}],"wp:featuredmedia":[{"embeddable":true,"href":"https:\/\/tvc16.com\/portal\/wp-json\/wp\/v2\/media\/6768"}],"wp:attachment":[{"href":"https:\/\/tvc16.com\/portal\/wp-json\/wp\/v2\/media?parent=6764"}],"wp:term":[{"taxonomy":"category","embeddable":true,"href":"https:\/\/tvc16.com\/portal\/wp-json\/wp\/v2\/categories?post=6764"},{"taxonomy":"post_tag","embeddable":true,"href":"https:\/\/tvc16.com\/portal\/wp-json\/wp\/v2\/tags?post=6764"}],"curies":[{"name":"wp","href":"https:\/\/api.w.org\/{rel}","templated":true}]}}