{"id":6772,"date":"2020-11-27T12:41:29","date_gmt":"2020-11-27T15:41:29","guid":{"rendered":"https:\/\/tvc16.com\/portal\/?p=6772"},"modified":"2020-11-27T12:41:31","modified_gmt":"2020-11-27T15:41:31","slug":"prefeitura-divulga-novo-calendario-de-vacinacao-antirrabica","status":"publish","type":"post","link":"https:\/\/tvc16.com\/portal\/2020\/11\/27\/prefeitura-divulga-novo-calendario-de-vacinacao-antirrabica\/","title":{"rendered":"Prefeitura divulga novo calend\u00e1rio de vacina\u00e7\u00e3o antirr\u00e1bica"},"content":{"rendered":"\n<p>A prefeitura de Petr\u00f3polis informou o calend\u00e1rio da 4\u00aa, e \u00faltima etapa vacina\u00e7\u00e3o antirr\u00e1bica, que ir\u00e1 ocorrer no m\u00eas de dezembro. Vale lembrar que, devido \u00e0 pandemia do novo coronav\u00edrus, as equipes da Vigil\u00e2ncia Ambiental n\u00e3o ser\u00e3o liberadas para a realizar a vacina\u00e7\u00e3o em resid\u00eancias.<\/p>\n\n\n\n<p>A prefeitura informa, tamb\u00e9m, que tutores que possuam mais de 10 animais e apresentem dificuldade de transport\u00e1-los ao comparecimento nos pontos de imuniza\u00e7\u00e3o deve entrar em contato com o telefone (24) 2231-0841 para avalia\u00e7\u00e3o.<\/p>\n\n\n\n<p>Acompanhe os locais de imuniza\u00e7\u00e3o para o pr\u00f3ximo dia 05 de dezembro:<\/p>\n\n\n\n<p>PV 01 \u2013 Escola Municipal Magdalena Tagliaferro (Castelo S\u00e3o Manoel) \u2013 09h \u00e0s 17h<br>PV 02 \u2013 Escola Municipal Nilton S\u00e3o Tiago (Nogueira) \u2013 09h \u00e0s 17h<br>PV 03 \u2013 PSF \u00c1guas Lindas \u2013 09h \u00e0s 12h30 \/ Materiais de Constru\u00e7\u00e3o Blocart (Estrada Mineira) \u2013 14h \u00e0s 17h<br>PV 04 \u2013 Escola Municipal Josemar Contage (Corr\u00eaas) \u2013 09h \u00e0s 17h<br>PV 05 \u2013 Escola Municipal Odete Monteiro (Bonfim) \u2013 09h \u00e0s 17h<br>PV 06 \u2013 Bar do Senhor Bento (Humberto Rovigati) \u2013 09h30 \u00e0s 12h \/ Escola Paroquial Samambaia \u2013 13h30 \u00e0s 17h<br>PV 07 \u2013 Escola Municipal Marieta Gon\u00e7alves (Bairro da Gl\u00f3ria) \u2013 09h \u00e0s 17h<br>PV 08 \u2013 Garagem do Ad\u00e3o Hil\u00e1rio (Alcobacinha) \u2013 09h \u00e0s 12h \/ Escola Paroquial S\u00e3o Francisco de Assis (Bela Vista) \u2013 13h30 \u00e0s 17h<br>PV 09 \u2013 Posto de Sa\u00fade do Itamarati (Itamarati) \u2013 09h \u00e0s 17h<br>PV 10 \u2013 Cal\u00e7ada em frente ao Mercadinho Meira (Bairro Esperan\u00e7a) \u2013 09h \u00e0s 12h \/ Padaria Provis\u00f3ria (Provis\u00f3ria) \u2013 13h \u00e0s 17h<br>PV 11 \u2013 Escola Municipal Joaquim Deister (Floresta) \u2013 09h \u00e0s 17h<br>PV 12 \u2013 Escola Municipal Clemente Fernandes (24 de maio) \u2013 09h \u00e0s 17h<br>PV 13 \u2013 Centro de Sa\u00fade (Centro) \u2013 09h \u00e0s 17h<br>PV 14 \u2013 Escola Municipal Senador Martins (Caxambu) \u2013 09h \u00e0s 17h<\/p>\n\n\n\n<p>At\u00e9 o momento foram vacinados 24.426 animais, sendo 19.311 caninos e 5.115 felinos. A previs\u00e3o para esta etapa \u00e9 vacinar mais 9 mil animais. A Vigil\u00e2ncia Ambiental orienta a todos para que os animais sejam levados em coleiras, guias ou caixas de transportes (para gatos) e informa que os animais n\u00e3o devem ser conduzidos por crian\u00e7as desacompanhadas dos pais ou respons\u00e1veis.<\/p>\n","protected":false},"excerpt":{"rendered":"<p>A prefeitura de Petr\u00f3polis informou o calend\u00e1rio da 4\u00aa, e \u00faltima etapa vacina\u00e7\u00e3o antirr\u00e1bica, que<\/p>\n","protected":false},"author":2,"featured_media":6773,"comment_status":"open","ping_status":"open","sticky":false,"template":"","format":"standard","meta":{"footnotes":""},"categories":[12],"tags":[],"class_list":["post-6772","post","type-post","status-publish","format-standard","has-post-thumbnail","hentry","category-cidade"],"_links":{"self":[{"href":"https:\/\/tvc16.com\/portal\/wp-json\/wp\/v2\/posts\/6772","targetHints":{"allow":["GET"]}}],"collection":[{"href":"https:\/\/tvc16.com\/portal\/wp-json\/wp\/v2\/posts"}],"about":[{"href":"https:\/\/tvc16.com\/portal\/wp-json\/wp\/v2\/types\/post"}],"author":[{"embeddable":true,"href":"https:\/\/tvc16.com\/portal\/wp-json\/wp\/v2\/users\/2"}],"replies":[{"embeddable":true,"href":"https:\/\/tvc16.com\/portal\/wp-json\/wp\/v2\/comments?post=6772"}],"version-history":[{"count":1,"href":"https:\/\/tvc16.com\/portal\/wp-json\/wp\/v2\/posts\/6772\/revisions"}],"predecessor-version":[{"id":6774,"href":"https:\/\/tvc16.com\/portal\/wp-json\/wp\/v2\/posts\/6772\/revisions\/6774"}],"wp:featuredmedia":[{"embeddable":true,"href":"https:\/\/tvc16.com\/portal\/wp-json\/wp\/v2\/media\/6773"}],"wp:attachment":[{"href":"https:\/\/tvc16.com\/portal\/wp-json\/wp\/v2\/media?parent=6772"}],"wp:term":[{"taxonomy":"category","embeddable":true,"href":"https:\/\/tvc16.com\/portal\/wp-json\/wp\/v2\/categories?post=6772"},{"taxonomy":"post_tag","embeddable":true,"href":"https:\/\/tvc16.com\/portal\/wp-json\/wp\/v2\/tags?post=6772"}],"curies":[{"name":"wp","href":"https:\/\/api.w.org\/{rel}","templated":true}]}}