{"id":6778,"date":"2020-11-27T15:24:54","date_gmt":"2020-11-27T18:24:54","guid":{"rendered":"https:\/\/tvc16.com\/portal\/?p=6778"},"modified":"2020-11-27T15:24:57","modified_gmt":"2020-11-27T18:24:57","slug":"pesquisa-do-agora-instituto-aponta-rubens-bomtempo-na-frente-no-2a-turno","status":"publish","type":"post","link":"https:\/\/tvc16.com\/portal\/2020\/11\/27\/pesquisa-do-agora-instituto-aponta-rubens-bomtempo-na-frente-no-2a-turno\/","title":{"rendered":"Pesquisa do Agora Instituto aponta Rubens Bomtempo na frente no 2\u00aa turno"},"content":{"rendered":"\n<p>A pesquisa est\u00e1 registrada no TSE com o n\u00famero RJ-06158\/2020.<br>\u00a0<br>Rubens Bomtempo lidera 2\u00ba turno em Petr\u00f3polis com 59% dos votos v\u00e1lidos<br>Candidato do PSB abre 18 pontos de vantagem sobre o segundo colocado, de acordo com levantamento registrado no TSE<\/p>\n\n\n\n<p>O segundo turno das elei\u00e7\u00f5es municipais acontecem no pr\u00f3ximo domingo (29) com um cen\u00e1rio bem definido: Rubens Bomtempo, candidato do PSB \u00e0 Prefeitura de Petr\u00f3polis, lidera a disputa com 59% dos votos v\u00e1lidos (excluindo brancos e nulos), contra 41% do segundo colocado, o candidato \u00e0 reelei\u00e7\u00e3o Bernardo Rossi, do PL.<\/p>\n\n\n\n<p>Considerando os votos totais, incluindo brancos, nulos e indecisos, Bomtempo soma 41% na prefer\u00eancia do eleitor, ante 29% de Rossi. Brancos e nulos s\u00e3o 22% e indecisos, 8% (a soma de entrevistados que n\u00e3o souberam ou n\u00e3o responderam).<\/p>\n\n\n\n<p>\u201cEssa pesquisa confirma o que as urnas disseram no primeiro turno, quando tivemos 39.093 votos. Estamos vendo nas ruas o desejo de mudan\u00e7a, de retomada das pol\u00edticas p\u00fablicas, de um governo presente, que atue em defesa da nossa cidade. Mas elei\u00e7\u00e3o se decide na urna. Por isso, vamos continuar trabalhando at\u00e9 o \u00faltimo minuto para conquistar a confian\u00e7a do eleitor\u201d, disse Bomtempo, candidato da coliga\u00e7\u00e3o \u201cUnidos por Petr\u00f3polis \u2013 Trabalho, Experi\u00eancia e Esperan\u00e7a\u201d.<\/p>\n\n\n\n<p>A pesquisa tamb\u00e9m avaliou o desempenho do atual prefeito: 66% dos entrevistados desaprovam a gest\u00e3o de Bernardo Rossi.<\/p>\n\n\n\n<p>A sondagem realizada pela \u00c1gora Pesquisa ouviu 500 eleitores entre os dias 23 e 24 de novembro. A margem de erro \u00e9 de quatro pontos percentuais, para mais ou para menos. O levantamento foi registrado no Tribunal Superior Eleitoral com o n\u00famero RJ-06158\/2020.<\/p>\n","protected":false},"excerpt":{"rendered":"<p>A pesquisa est\u00e1 registrada no TSE com o n\u00famero RJ-06158\/2020.\u00a0Rubens Bomtempo lidera 2\u00ba turno em<\/p>\n","protected":false},"author":2,"featured_media":6779,"comment_status":"open","ping_status":"open","sticky":false,"template":"","format":"standard","meta":{"footnotes":""},"categories":[12],"tags":[],"class_list":["post-6778","post","type-post","status-publish","format-standard","has-post-thumbnail","hentry","category-cidade"],"_links":{"self":[{"href":"https:\/\/tvc16.com\/portal\/wp-json\/wp\/v2\/posts\/6778","targetHints":{"allow":["GET"]}}],"collection":[{"href":"https:\/\/tvc16.com\/portal\/wp-json\/wp\/v2\/posts"}],"about":[{"href":"https:\/\/tvc16.com\/portal\/wp-json\/wp\/v2\/types\/post"}],"author":[{"embeddable":true,"href":"https:\/\/tvc16.com\/portal\/wp-json\/wp\/v2\/users\/2"}],"replies":[{"embeddable":true,"href":"https:\/\/tvc16.com\/portal\/wp-json\/wp\/v2\/comments?post=6778"}],"version-history":[{"count":1,"href":"https:\/\/tvc16.com\/portal\/wp-json\/wp\/v2\/posts\/6778\/revisions"}],"predecessor-version":[{"id":6780,"href":"https:\/\/tvc16.com\/portal\/wp-json\/wp\/v2\/posts\/6778\/revisions\/6780"}],"wp:featuredmedia":[{"embeddable":true,"href":"https:\/\/tvc16.com\/portal\/wp-json\/wp\/v2\/media\/6779"}],"wp:attachment":[{"href":"https:\/\/tvc16.com\/portal\/wp-json\/wp\/v2\/media?parent=6778"}],"wp:term":[{"taxonomy":"category","embeddable":true,"href":"https:\/\/tvc16.com\/portal\/wp-json\/wp\/v2\/categories?post=6778"},{"taxonomy":"post_tag","embeddable":true,"href":"https:\/\/tvc16.com\/portal\/wp-json\/wp\/v2\/tags?post=6778"}],"curies":[{"name":"wp","href":"https:\/\/api.w.org\/{rel}","templated":true}]}}