{"id":6781,"date":"2020-11-27T17:49:39","date_gmt":"2020-11-27T20:49:39","guid":{"rendered":"https:\/\/tvc16.com\/portal\/?p=6781"},"modified":"2020-11-27T17:49:41","modified_gmt":"2020-11-27T20:49:41","slug":"inea-faz-dragagem-do-rio-piabanha-no-bingen-a-pedido-da-prefeitura","status":"publish","type":"post","link":"https:\/\/tvc16.com\/portal\/2020\/11\/27\/inea-faz-dragagem-do-rio-piabanha-no-bingen-a-pedido-da-prefeitura\/","title":{"rendered":"Inea faz dragagem do Rio Piabanha no Bingen a pedido da prefeitura"},"content":{"rendered":"\n<p>Visando as chuvas de ver\u00e3o, o Inea \u2013 Instituto Estadual do Ambiente come\u00e7ou nesta sexta-feira (27\/11) o servi\u00e7o de dragagem no Rio Piabanha, na altura da Rua Paulo Herv\u00ea, no Bingen. A iniciativa de levar o programa \u201cLimpa Rio\u201d para a localidade se deu por um pedido da prefeitura atrav\u00e9s da Secretaria de Servi\u00e7os e Ordem P\u00fablica (SSOP), para evitar transbordamentos, principalmente neste per\u00edodo de chuvas fortes.<br><\/p>\n\n\n\n<p>O trabalho conta com uma escavadeira hidr\u00e1ulica para fazer a remo\u00e7\u00e3o de sedimentos que podem atrapalhar o curso natural da \u00e1gua, como areia, pedras, mato ou mesmo lixo. Esses materiais podem contribuir para elevar os n\u00edveis dos rios e potencializar a possibilidade de transbordamentos. A limpeza come\u00e7ou na altura do in\u00edcio da Rua Jo\u00e3o Xavier e vai at\u00e9 o Pal\u00e1cio de Cristal.<\/p>\n\n\n\n<p><br>O programa Limpa Rio tamb\u00e9m vem sendo realizado no Rio Quitandinha, na altura do Pal\u00e1cio de Cristal, e vai at\u00e9 o Obelisco<\/p>\n","protected":false},"excerpt":{"rendered":"<p>Visando as chuvas de ver\u00e3o, o Inea \u2013 Instituto Estadual do Ambiente come\u00e7ou nesta sexta-feira<\/p>\n","protected":false},"author":2,"featured_media":6782,"comment_status":"open","ping_status":"open","sticky":false,"template":"","format":"standard","meta":{"footnotes":""},"categories":[12],"tags":[],"class_list":["post-6781","post","type-post","status-publish","format-standard","has-post-thumbnail","hentry","category-cidade"],"_links":{"self":[{"href":"https:\/\/tvc16.com\/portal\/wp-json\/wp\/v2\/posts\/6781","targetHints":{"allow":["GET"]}}],"collection":[{"href":"https:\/\/tvc16.com\/portal\/wp-json\/wp\/v2\/posts"}],"about":[{"href":"https:\/\/tvc16.com\/portal\/wp-json\/wp\/v2\/types\/post"}],"author":[{"embeddable":true,"href":"https:\/\/tvc16.com\/portal\/wp-json\/wp\/v2\/users\/2"}],"replies":[{"embeddable":true,"href":"https:\/\/tvc16.com\/portal\/wp-json\/wp\/v2\/comments?post=6781"}],"version-history":[{"count":1,"href":"https:\/\/tvc16.com\/portal\/wp-json\/wp\/v2\/posts\/6781\/revisions"}],"predecessor-version":[{"id":6783,"href":"https:\/\/tvc16.com\/portal\/wp-json\/wp\/v2\/posts\/6781\/revisions\/6783"}],"wp:featuredmedia":[{"embeddable":true,"href":"https:\/\/tvc16.com\/portal\/wp-json\/wp\/v2\/media\/6782"}],"wp:attachment":[{"href":"https:\/\/tvc16.com\/portal\/wp-json\/wp\/v2\/media?parent=6781"}],"wp:term":[{"taxonomy":"category","embeddable":true,"href":"https:\/\/tvc16.com\/portal\/wp-json\/wp\/v2\/categories?post=6781"},{"taxonomy":"post_tag","embeddable":true,"href":"https:\/\/tvc16.com\/portal\/wp-json\/wp\/v2\/tags?post=6781"}],"curies":[{"name":"wp","href":"https:\/\/api.w.org\/{rel}","templated":true}]}}