{"id":6784,"date":"2020-11-27T17:51:22","date_gmt":"2020-11-27T20:51:22","guid":{"rendered":"https:\/\/tvc16.com\/portal\/?p=6784"},"modified":"2020-11-27T17:51:24","modified_gmt":"2020-11-27T20:51:24","slug":"rodoviarios-descartam-greve-em-petropolis","status":"publish","type":"post","link":"https:\/\/tvc16.com\/portal\/2020\/11\/27\/rodoviarios-descartam-greve-em-petropolis\/","title":{"rendered":"Rodovi\u00e1rios descartam greve em Petr\u00f3polis"},"content":{"rendered":"\n<p>Ap\u00f3s reuni\u00e3o realizada entre o Sindicato dos Rodovi\u00e1rios e a diretoria do Setranspetro, na \u00faltima segunda-feira (23), os representantes da categoria avan\u00e7aram nas negocia\u00e7\u00f5es, conquistando uma s\u00e9rie de acordos que beneficiam os rodovi\u00e1rios, descartando a possibilidade de greve anteriormente anunciada em Petr\u00f3polis.<\/p>\n\n\n\n<p>Entre as principais quest\u00f5es definidas entre os sindicatos est\u00e3o o pagamento dos sal\u00e1rios dos rodovi\u00e1rios at\u00e9 o dia 12 de cada m\u00eas, e o adiantamento de at\u00e9 40% do valor at\u00e9 o dia 25. Com rela\u00e7\u00e3o ao 13\u00b0 sal\u00e1rio, em que funcion\u00e1rios do setor estavam apreensivos, em raz\u00e3o dos munic\u00edpios vizinhos, como Niter\u00f3i, que anunciou a possibilidade do pagamento em at\u00e9 dez vezes, foi definido que as empresas de \u00f4nibus pagar\u00e3o dentro do que determina a CLT. A primeira parcela ser\u00e1 quitada at\u00e9 o dia 30 de novembro, enquanto a segunda estar\u00e1 dispon\u00edvel at\u00e9 o dia 20 de dezembro.<\/p>\n\n\n\n<p>Outra conquista para os trabalhadores est\u00e3o \u00e0s cestas b\u00e1sicas, que ser\u00e3o entregues novamente em datas previamente acordadas. Em dezembro, a data limite estabelecida ser\u00e1 o dia 20, enquanto em janeiro ser\u00e1 at\u00e9 o dia 15. A partir de fevereiro, a data fixada ser\u00e1 o dia 10. Com rela\u00e7\u00e3o ao banco de horas, ser\u00e1 disponibilizado um funcion\u00e1rio para sanar qualquer d\u00favida dos colaboradores.<\/p>\n\n\n\n<p>\u201cO saldo dessa reuni\u00e3o e do contato direto entre o Sindicato dos Trabalhadores e o Setranspetro \u00e9 altamente positivo. Estamos felizes e acreditamos no que foi acordado. O Sindicato est\u00e1 em festa, pois conseguiu cumprir a nossa fun\u00e7\u00e3o que \u00e9 a de fazer cumprir a legisla\u00e7\u00e3o em prol da melhor qualidade de vida dos trabalhadores\u201d, disse Edson de Oliveira, presidente do Sindicato dos Trabalhadores em Transportes Rodovi\u00e1rios de Petr\u00f3polis.<\/p>\n\n\n\n<p>No \u00faltimo dia 13 deste m\u00eas, o Sindicato dos Rodovi\u00e1rios protocolou junto ao Setranspetro e as empresas de \u00f4nibus, um of\u00edcio com den\u00fancias e reclama\u00e7\u00f5es dos trabalhadores que atuam no servi\u00e7o de transporte coletivo do munic\u00edpio, questionando poss\u00edveis descumprimentos de acordos e atrasos. O pedido tinha como prazo de 10 dias para que todas as demandas como pagamentos, cesta b\u00e1sica, vale alimenta\u00e7\u00e3o, demiss\u00f5es e banco de horas fossem devidamente analisados e solucionados.<\/p>\n\n\n\n<p>\u201cA reuni\u00e3o foi altamente produtiva, com grande resolu\u00e7\u00e3o dos assuntos que estavam pendentes. Estamos muito satisfeitos, pois percebemos por parte das empresas o interesse em resolver nossas quest\u00f5es de forma que a atividade prestada para a sociedade petropolitana seja mantida. Diante disso, descartamos inclusive a possibilidade de greve, que mexe muito com a vida e rotina da cidade\u201d, explicou Edson.<\/p>\n\n\n\n<p>Durante o encontro, o Setranspetro destacou que entende as necessidades dos trabalhadores e esclareceu que est\u00e1 unindo esfor\u00e7os, inclusive, buscando empr\u00e9stimos para pagar o 13\u00b0 sal\u00e1rio, ressaltando assim a boa vontade e o compromisso em se manter em dia com os colaboradores, que s\u00e3o essenciais para a sociedade e o sistema de transporte p\u00fablico. O Setranspetro ainda apontou enfrentar uma grave crise econ\u00f4mica e financeira, comprovada por laudos t\u00e9cnicos do munic\u00edpio e amplamente discutida com o Minist\u00e9rio P\u00fablico.<\/p>\n\n\n\n<p>\u201cEstamos enfrentando a maior crise de todos os tempos no transporte p\u00fablico. \u00c9 necess\u00e1rio uma aten\u00e7\u00e3o dos \u00f3rg\u00e3os p\u00fablicos para o setor, que realiza um servi\u00e7o essencial para a sociedade e emprega centenas de pessoas. Desde o in\u00edcio da pandemia, estamos nos esfor\u00e7ando para evitar demiss\u00f5es em massa e atender as necessidades dos rodovi\u00e1rios. A reuni\u00e3o mostra a uni\u00e3o das categorias e coopera com a continuidade dos servi\u00e7os prestados\u201d, disse Isidro Ricardo da Rocha, presidente do Setranspetro.<\/p>\n","protected":false},"excerpt":{"rendered":"<p>Ap\u00f3s reuni\u00e3o realizada entre o Sindicato dos Rodovi\u00e1rios e a diretoria do Setranspetro, na \u00faltima<\/p>\n","protected":false},"author":2,"featured_media":6785,"comment_status":"open","ping_status":"open","sticky":false,"template":"","format":"standard","meta":{"footnotes":""},"categories":[12],"tags":[],"class_list":["post-6784","post","type-post","status-publish","format-standard","has-post-thumbnail","hentry","category-cidade"],"_links":{"self":[{"href":"https:\/\/tvc16.com\/portal\/wp-json\/wp\/v2\/posts\/6784","targetHints":{"allow":["GET"]}}],"collection":[{"href":"https:\/\/tvc16.com\/portal\/wp-json\/wp\/v2\/posts"}],"about":[{"href":"https:\/\/tvc16.com\/portal\/wp-json\/wp\/v2\/types\/post"}],"author":[{"embeddable":true,"href":"https:\/\/tvc16.com\/portal\/wp-json\/wp\/v2\/users\/2"}],"replies":[{"embeddable":true,"href":"https:\/\/tvc16.com\/portal\/wp-json\/wp\/v2\/comments?post=6784"}],"version-history":[{"count":1,"href":"https:\/\/tvc16.com\/portal\/wp-json\/wp\/v2\/posts\/6784\/revisions"}],"predecessor-version":[{"id":6786,"href":"https:\/\/tvc16.com\/portal\/wp-json\/wp\/v2\/posts\/6784\/revisions\/6786"}],"wp:featuredmedia":[{"embeddable":true,"href":"https:\/\/tvc16.com\/portal\/wp-json\/wp\/v2\/media\/6785"}],"wp:attachment":[{"href":"https:\/\/tvc16.com\/portal\/wp-json\/wp\/v2\/media?parent=6784"}],"wp:term":[{"taxonomy":"category","embeddable":true,"href":"https:\/\/tvc16.com\/portal\/wp-json\/wp\/v2\/categories?post=6784"},{"taxonomy":"post_tag","embeddable":true,"href":"https:\/\/tvc16.com\/portal\/wp-json\/wp\/v2\/tags?post=6784"}],"curies":[{"name":"wp","href":"https:\/\/api.w.org\/{rel}","templated":true}]}}