{"id":6790,"date":"2020-11-27T17:56:33","date_gmt":"2020-11-27T20:56:33","guid":{"rendered":"https:\/\/tvc16.com\/portal\/?p=6790"},"modified":"2020-11-27T17:56:35","modified_gmt":"2020-11-27T20:56:35","slug":"ucp-abre-inscricao-para-mestrados-e-doutorado","status":"publish","type":"post","link":"https:\/\/tvc16.com\/portal\/2020\/11\/27\/ucp-abre-inscricao-para-mestrados-e-doutorado\/","title":{"rendered":"UCP abre inscri\u00e7\u00e3o para mestrados e doutorado"},"content":{"rendered":"\n<p>Processo seletivo \u00e9 para os mestrados em Direito, Psicologia, Engenharia, Educa\u00e7\u00e3o, al\u00e9m do doutorado em Educa\u00e7\u00e3o; prazo encerra dia 23 de fevereiro<br>\u00a0<br>Um conhecimento mais espec\u00edfico, no qual aperfei\u00e7oam-se as habilidades e compet\u00eancias da pesquisa te\u00f3rica \u00e0 aplicada, garante um curr\u00edculo mais aprimorado e focado com as exig\u00eancias do mercado de trabalho. Os programas de p\u00f3s-gradua\u00e7\u00e3o da Universidade Cat\u00f3lica de Petr\u00f3polis (UCP) te ajudam nesse objetivo, aperfei\u00e7oando a sua forma\u00e7\u00e3o profissional nas \u00e1reas do Direito, Psicologia, Engenharia e Educa\u00e7\u00e3o, todos com processos seletivos abertos. Os interessados podem se inscrever at\u00e9 23 de fevereiro pelo site\u00a0pos.ucp.br.<br>\u00a0<br>A sele\u00e7\u00e3o \u00e9 para os mestrados em Direito, em Psicologia, Profissional em Gest\u00e3o de Sistemas de Engenharia e Educa\u00e7\u00e3o, e tamb\u00e9m para o doutorado em Educa\u00e7\u00e3o. Excepcionalmente este processo seletivo ser\u00e1 formado por uma \u00fanica etapa correspondente \u00e0 entrevista do candidato, que ser\u00e1 on-line. O formato foi definido para garantir mais seguran\u00e7a em decorr\u00eancia das medidas de afastamento social e preven\u00e7\u00e3o por conta da pandemia.<br>\u00a0<br>\u201cO Banco Mundial realizou uma pesquisa em que se ressalta o quanto os estudantes brasileiros ainda subestimam o verdadeiro valor dos anos acrescidos ao seu curr\u00edculo acad\u00eamico para a qualifica\u00e7\u00e3o profissional, o ingresso e perman\u00eancia no mercado de trabalho com melhores remunera\u00e7\u00f5es. J\u00e1 a Organiza\u00e7\u00e3o para a Coopera\u00e7\u00e3o e Desenvolvimento Econ\u00f4mico destaca que apenas 11% dos brasileiros possuem diploma de n\u00edvel superior; 0,8% dos brasileiros entre 25 e 64 anos conclu\u00edram o mestrado; e somente 0,2% chegaram ao doutorado\u201d, explica o pr\u00f3-reitor de pesquisa e p\u00f3s-gradua\u00e7\u00e3o da UCP, Sergio Salles, destacando a import\u00e2ncia do investimento na p\u00f3s-gradua\u00e7\u00e3o.<br>\u00a0<br>\u201cQuanto maior \u00e9 a qualifica\u00e7\u00e3o e a titula\u00e7\u00e3o de um profissional no Brasil, tanto maior s\u00e3o suas chances de garantir sua realiza\u00e7\u00e3o pessoal e profissional. E os programas de p\u00f3s-gradua\u00e7\u00e3o stricto sensu da UCP oferecem os melhores recursos para que nossos candidatos alcancem seus objetivos profissionais e acad\u00eamicos&#8221;, frisa Salles.<br>\u00a0<br>Mais informa\u00e7\u00f5es sobre os programas de p\u00f3s-gradua\u00e7\u00e3o da UCP e tamb\u00e9m sobre os cursos de especializa\u00e7\u00e3o e MBA oferecidos pela Institui\u00e7\u00e3o podem ser obtidas no site\u00a0pos.ucp.br.<\/p>\n","protected":false},"excerpt":{"rendered":"<p>Processo seletivo \u00e9 para os mestrados em Direito, Psicologia, Engenharia, Educa\u00e7\u00e3o, al\u00e9m do doutorado em<\/p>\n","protected":false},"author":2,"featured_media":6791,"comment_status":"open","ping_status":"open","sticky":false,"template":"","format":"standard","meta":{"footnotes":""},"categories":[12],"tags":[],"class_list":["post-6790","post","type-post","status-publish","format-standard","has-post-thumbnail","hentry","category-cidade"],"_links":{"self":[{"href":"https:\/\/tvc16.com\/portal\/wp-json\/wp\/v2\/posts\/6790","targetHints":{"allow":["GET"]}}],"collection":[{"href":"https:\/\/tvc16.com\/portal\/wp-json\/wp\/v2\/posts"}],"about":[{"href":"https:\/\/tvc16.com\/portal\/wp-json\/wp\/v2\/types\/post"}],"author":[{"embeddable":true,"href":"https:\/\/tvc16.com\/portal\/wp-json\/wp\/v2\/users\/2"}],"replies":[{"embeddable":true,"href":"https:\/\/tvc16.com\/portal\/wp-json\/wp\/v2\/comments?post=6790"}],"version-history":[{"count":1,"href":"https:\/\/tvc16.com\/portal\/wp-json\/wp\/v2\/posts\/6790\/revisions"}],"predecessor-version":[{"id":6792,"href":"https:\/\/tvc16.com\/portal\/wp-json\/wp\/v2\/posts\/6790\/revisions\/6792"}],"wp:featuredmedia":[{"embeddable":true,"href":"https:\/\/tvc16.com\/portal\/wp-json\/wp\/v2\/media\/6791"}],"wp:attachment":[{"href":"https:\/\/tvc16.com\/portal\/wp-json\/wp\/v2\/media?parent=6790"}],"wp:term":[{"taxonomy":"category","embeddable":true,"href":"https:\/\/tvc16.com\/portal\/wp-json\/wp\/v2\/categories?post=6790"},{"taxonomy":"post_tag","embeddable":true,"href":"https:\/\/tvc16.com\/portal\/wp-json\/wp\/v2\/tags?post=6790"}],"curies":[{"name":"wp","href":"https:\/\/api.w.org\/{rel}","templated":true}]}}