{"id":6793,"date":"2020-11-27T17:59:49","date_gmt":"2020-11-27T20:59:49","guid":{"rendered":"https:\/\/tvc16.com\/portal\/?p=6793"},"modified":"2020-11-27T17:59:51","modified_gmt":"2020-11-27T20:59:51","slug":"desenvolvido-em-parceria-com-o-lncc-aplicativo-minha-saude-recebe-premiacoes-e-chega-a-mais-de-730-cidades","status":"publish","type":"post","link":"https:\/\/tvc16.com\/portal\/2020\/11\/27\/desenvolvido-em-parceria-com-o-lncc-aplicativo-minha-saude-recebe-premiacoes-e-chega-a-mais-de-730-cidades\/","title":{"rendered":"Desenvolvido em parceria com o LNCC, Aplicativo Minha Sa\u00fade recebe premia\u00e7\u00f5es e chega a mais de 730 cidades"},"content":{"rendered":"\n<p>O aplicativo oferece servi\u00e7os como agendamentos de testes, consultas e vacinas, recentemente resultaram em conquistas e premia\u00e7\u00f5es. O Aplicativo Minha Sa\u00fade, desenvolvido em conjunto com o Laborat\u00f3rio Nacional de Computa\u00e7\u00e3o Cient\u00edfica \u2013 LNCC (unidade de pesquisa do Minist\u00e9rio da Ci\u00eancia, Tecnologia e Inova\u00e7\u00f5es \u2013 MCTI), durante a pandemia e recomendado pela Confedera\u00e7\u00e3o Nacional dos Munic\u00edpios \u2013 CNM para a realiza\u00e7\u00e3o de autoavalia\u00e7\u00f5es, triagens e monitoramentos em combate \u00e0 Covid-19, est\u00e1 sendo utilizado em mais de 730 munic\u00edpios brasileiros por todos os estados, al\u00e9m da presen\u00e7a em outros cinco pa\u00edses (dados atualizados em 23 de novembro). As caracter\u00edsticas e funcionalidades da solu\u00e7\u00e3o, que integra diversos dados de sa\u00fade (documentos, exames, laudos, sinais vitais) e oferece servi\u00e7os como agendamentos de testes, consultas e vacinas, recentemente resultaram em conquistas e premia\u00e7\u00f5es.<\/p>\n\n\n\n<p>No dia 11, o Minha Sa\u00fade venceu o Pr\u00eamio InovaCidades 2020\u00a0 e a Lemobs, empresa respons\u00e1vel pela ferramenta, conquistou a 6\u00aa posi\u00e7\u00e3o entre as govtechs no Ranking 100 Open Startups 2020. O aplicativo tamb\u00e9m foi destaque na Revista Prefeitos &amp; Gest\u00f5es e selecionado para o Programa de Acelera\u00e7\u00e3o &#8220;For\u00e7a-Tarefa Covid-19&#8221;, promovido pela aceleradora de govtechs BrazilLAB. Reconhecimento que \u00e9 fruto de um trabalho conjunto que envolve a atua\u00e7\u00e3o do LNCC, coordenada pela pesquisadora Miriam Chaves, no apoio \u00e0 formula\u00e7\u00e3o de estrat\u00e9gias de preven\u00e7\u00e3o e acompanhamento de suspeitos, contaminados e grupos de risco da Covid-19, atrav\u00e9s de visualiza\u00e7\u00f5es de dados e modelos de intelig\u00eancia epidemiol\u00f3gica aplicada a sinais cl\u00ednicos.<\/p>\n\n\n\n<p>Ap\u00f3s contribu\u00edrem para a implementa\u00e7\u00e3o em munic\u00edpios como Teres\u00f3polis, na regi\u00e3o serrana do Rio de Janeiro \u2013 onde mais de 20 mil pessoas utilizam a ferramenta de maneira constante e permitem \u00e0 prefeitura identificar necessidades de prioriza\u00e7\u00e3o em atendimentos e testagens \u2013 estas atividades agora se encaminham para os pr\u00f3ximos passos ap\u00f3s mais uma conquista: selecionado no Edital Finep \u201cSolu\u00e7\u00f5es Tecnol\u00f3gicas Inovadoras para a Covid-19\u201d, o App recebeu financiamento para realizar evolu\u00e7\u00f5es que envolvem a inser\u00e7\u00e3o de novos conjuntos de dados e o desenvolvimento de novas visualiza\u00e7\u00f5es para an\u00e1lise.<\/p>\n\n\n\n<p>Com a continuidade do projeto, a expectativa \u00e9 de que o uso se torne ainda mais prop\u00edcio para o planejamento de pol\u00edticas p\u00fablicas p\u00f3s-pandemia, como o acompanhamento de idosos, gestantes e doentes cr\u00f4nicos \u2013 que j\u00e1 s\u00e3o identific\u00e1veis atrav\u00e9s do m\u00f3dulo Autoavalia\u00e7\u00e3o Coronav\u00edrus, o mais utilizado da plataforma. O aumento do n\u00famero de casos apresentado nas \u00faltimas semanas e a discuss\u00e3o em torno da chegada de uma nova onda tendem a intensificar ainda mais o uso desta fun\u00e7\u00e3o, bem como a demanda por agendamentos de testes e vacinas futuras.<\/p>\n\n\n\n<p>Munic\u00edpios e empresas podem realizar a ades\u00e3o atrav\u00e9s do site www.appminhasaude.com.br para disponibilizar estes e outros servi\u00e7os, al\u00e9m de garantirem acesso aos pain\u00e9is de gest\u00e3o. \u00c9 importante ressaltar que os dados s\u00e3o an\u00f4nimos e somente a autoridade de sa\u00fade local pode ter acesso \u00e0 informa\u00e7\u00e3o, quando consentido pelo cidad\u00e3o. O App est\u00e1 dispon\u00edvel nas lojas Google Play e AppStore.<\/p>\n","protected":false},"excerpt":{"rendered":"<p>O aplicativo oferece servi\u00e7os como agendamentos de testes, consultas e vacinas, recentemente resultaram em conquistas<\/p>\n","protected":false},"author":2,"featured_media":6794,"comment_status":"open","ping_status":"open","sticky":false,"template":"","format":"standard","meta":{"footnotes":""},"categories":[12],"tags":[],"class_list":["post-6793","post","type-post","status-publish","format-standard","has-post-thumbnail","hentry","category-cidade"],"_links":{"self":[{"href":"https:\/\/tvc16.com\/portal\/wp-json\/wp\/v2\/posts\/6793","targetHints":{"allow":["GET"]}}],"collection":[{"href":"https:\/\/tvc16.com\/portal\/wp-json\/wp\/v2\/posts"}],"about":[{"href":"https:\/\/tvc16.com\/portal\/wp-json\/wp\/v2\/types\/post"}],"author":[{"embeddable":true,"href":"https:\/\/tvc16.com\/portal\/wp-json\/wp\/v2\/users\/2"}],"replies":[{"embeddable":true,"href":"https:\/\/tvc16.com\/portal\/wp-json\/wp\/v2\/comments?post=6793"}],"version-history":[{"count":1,"href":"https:\/\/tvc16.com\/portal\/wp-json\/wp\/v2\/posts\/6793\/revisions"}],"predecessor-version":[{"id":6795,"href":"https:\/\/tvc16.com\/portal\/wp-json\/wp\/v2\/posts\/6793\/revisions\/6795"}],"wp:featuredmedia":[{"embeddable":true,"href":"https:\/\/tvc16.com\/portal\/wp-json\/wp\/v2\/media\/6794"}],"wp:attachment":[{"href":"https:\/\/tvc16.com\/portal\/wp-json\/wp\/v2\/media?parent=6793"}],"wp:term":[{"taxonomy":"category","embeddable":true,"href":"https:\/\/tvc16.com\/portal\/wp-json\/wp\/v2\/categories?post=6793"},{"taxonomy":"post_tag","embeddable":true,"href":"https:\/\/tvc16.com\/portal\/wp-json\/wp\/v2\/tags?post=6793"}],"curies":[{"name":"wp","href":"https:\/\/api.w.org\/{rel}","templated":true}]}}