{"id":6796,"date":"2020-11-27T18:43:42","date_gmt":"2020-11-27T21:43:42","guid":{"rendered":"https:\/\/tvc16.com\/portal\/?p=6796"},"modified":"2020-11-27T18:43:44","modified_gmt":"2020-11-27T21:43:44","slug":"tse-autoriza-tropas-federais-em-sao-luis-e-rio-branco","status":"publish","type":"post","link":"https:\/\/tvc16.com\/portal\/2020\/11\/27\/tse-autoriza-tropas-federais-em-sao-luis-e-rio-branco\/","title":{"rendered":"TSE autoriza tropas federais em S\u00e3o Lu\u00eds e Rio Branco"},"content":{"rendered":"\n<p>A medida visa garantir a seguran\u00e7a no pleito de domingo<\/p>\n\n\n\n<h4 class=\"wp-block-heading\">Por Andr\u00e9 Richter &#8211; Rep\u00f3rter da Ag\u00eancia Brasil &#8211; Bras\u00edlia<\/h4>\n\n\n\n<p>O presidente do Tribunal Superior Eleitoral (TSE), ministro Lu\u00eds Roberto Barroso, autorizou hoje (27) o envio de tropas federais para garantir a seguran\u00e7a do segundo turno das elei\u00e7\u00f5es em Rio Branco e S\u00e3o Lu\u00eds. No pr\u00f3ximo domingo (29), o pleito ser\u00e1 realizado em 57 munic\u00edpios.&nbsp;<img decoding=\"async\" src=\"https:\/\/agenciabrasil.ebc.com.br\/ebc.png?id=1394741&amp;o=node\"><img decoding=\"async\" src=\"https:\/\/agenciabrasil.ebc.com.br\/ebc.gif?id=1394741&amp;o=node\"><\/p>\n\n\n\n<p>Os munic\u00edpios de Manaus, Fortaleza, Caucaia (CE) e a Ilha de Paquet\u00e1 (RJ) tamb\u00e9m contar\u00e3o com a presen\u00e7a das tropas federais.&nbsp;<\/p>\n\n\n\n<p>Os pedidos de envio de tropas foram feitos pelos tribunais regionais eleitorais (TREs) para garantir a normalidade da elei\u00e7\u00e3o.&nbsp;<\/p>\n\n\n\n<p>Com a aprova\u00e7\u00e3o, a decis\u00e3o do TSE ser\u00e1 encaminhada ao Minist\u00e9rio da Defesa, pasta respons\u00e1vel pelas a\u00e7\u00f5es desenvolvidas pelas For\u00e7as Armadas.&nbsp;<\/p>\n\n\n\n<p>No primeiro turno, cerca de 600 localidades contaram com o apoio de tropas federais durante a vota\u00e7\u00e3o.<\/p>\n\n\n\n<p>Edi\u00e7\u00e3o: Fernando Fraga<\/p>\n","protected":false},"excerpt":{"rendered":"<p>A medida visa garantir a seguran\u00e7a no pleito de domingo Por Andr\u00e9 Richter &#8211; Rep\u00f3rter<\/p>\n","protected":false},"author":2,"featured_media":6797,"comment_status":"open","ping_status":"open","sticky":false,"template":"","format":"standard","meta":{"footnotes":""},"categories":[17],"tags":[],"class_list":["post-6796","post","type-post","status-publish","format-standard","has-post-thumbnail","hentry","category-outras-noticias"],"_links":{"self":[{"href":"https:\/\/tvc16.com\/portal\/wp-json\/wp\/v2\/posts\/6796","targetHints":{"allow":["GET"]}}],"collection":[{"href":"https:\/\/tvc16.com\/portal\/wp-json\/wp\/v2\/posts"}],"about":[{"href":"https:\/\/tvc16.com\/portal\/wp-json\/wp\/v2\/types\/post"}],"author":[{"embeddable":true,"href":"https:\/\/tvc16.com\/portal\/wp-json\/wp\/v2\/users\/2"}],"replies":[{"embeddable":true,"href":"https:\/\/tvc16.com\/portal\/wp-json\/wp\/v2\/comments?post=6796"}],"version-history":[{"count":1,"href":"https:\/\/tvc16.com\/portal\/wp-json\/wp\/v2\/posts\/6796\/revisions"}],"predecessor-version":[{"id":6798,"href":"https:\/\/tvc16.com\/portal\/wp-json\/wp\/v2\/posts\/6796\/revisions\/6798"}],"wp:featuredmedia":[{"embeddable":true,"href":"https:\/\/tvc16.com\/portal\/wp-json\/wp\/v2\/media\/6797"}],"wp:attachment":[{"href":"https:\/\/tvc16.com\/portal\/wp-json\/wp\/v2\/media?parent=6796"}],"wp:term":[{"taxonomy":"category","embeddable":true,"href":"https:\/\/tvc16.com\/portal\/wp-json\/wp\/v2\/categories?post=6796"},{"taxonomy":"post_tag","embeddable":true,"href":"https:\/\/tvc16.com\/portal\/wp-json\/wp\/v2\/tags?post=6796"}],"curies":[{"name":"wp","href":"https:\/\/api.w.org\/{rel}","templated":true}]}}