{"id":6808,"date":"2020-11-27T18:49:17","date_gmt":"2020-11-27T21:49:17","guid":{"rendered":"https:\/\/tvc16.com\/portal\/?p=6808"},"modified":"2020-11-27T18:49:19","modified_gmt":"2020-11-27T21:49:19","slug":"filha-mais-velha-posta-homenagem-a-maradona","status":"publish","type":"post","link":"https:\/\/tvc16.com\/portal\/2020\/11\/27\/filha-mais-velha-posta-homenagem-a-maradona\/","title":{"rendered":"Filha mais velha posta homenagem a Maradona"},"content":{"rendered":"\n<p>\u201cEu te amo para sempre\u201d, diz Dalma Maradona<\/p>\n\n\n\n<h4 class=\"wp-block-heading\">Por Ag\u00eancia Brasil &#8211; Rio de Janeiro<\/h4>\n\n\n\n<p>Dalma Maradona, uma das filhas de Diego Armando Maradona, publicou nesta sexta-feira (27), em suas redes sociais, uma homenagem a seu pai, que morreu na \u00faltima quarta (25).<img decoding=\"async\" src=\"https:\/\/agenciabrasil.ebc.com.br\/ebc.png?id=1394775&amp;o=node\"><img decoding=\"async\" src=\"https:\/\/agenciabrasil.ebc.com.br\/ebc.gif?id=1394775&amp;o=node\"><\/p>\n\n\n\n<p>\u201cSempre tive muito medo da morte, mas hoje n\u00e3o. Porque sei que esse vai ser o momento no qual vou te ver novamente\u201d, escreveu a filha do craque argentino.<\/p>\n\n\n\n<p>Na postagem, publicada no perfil de Dalma no Instagram, a jovem de 33 anos, que \u00e9 a primog\u00eanita do ex-jogador, tamb\u00e9m expressou todo o seu amor pelo eterno camisa 10 da Argentina: \u201cA vida \u00e9 um sopro. Ent\u00e3o nos vemos em breve! Estou trazendo margaridas para decorar suas meias de jogador. E, por favor, volte a olhar para mim com aquele amor com o qual me v\u00ea na foto! Eu te amo para sempre\u201d.<\/p>\n\n\n\n<p>Maradona morreu na \u00faltima quarta-feira, na cidade de Tigre (Argentina), em decorr\u00eancia de um ataque card\u00edaco aos 60 anos.<\/p>\n\n\n\n<p>Edi\u00e7\u00e3o: F\u00e1bio Lisboa<\/p>\n","protected":false},"excerpt":{"rendered":"<p>\u201cEu te amo para sempre\u201d, diz Dalma Maradona Por Ag\u00eancia Brasil &#8211; Rio de Janeiro<\/p>\n","protected":false},"author":2,"featured_media":6809,"comment_status":"open","ping_status":"open","sticky":false,"template":"","format":"standard","meta":{"footnotes":""},"categories":[22],"tags":[],"class_list":["post-6808","post","type-post","status-publish","format-standard","has-post-thumbnail","hentry","category-internacional"],"_links":{"self":[{"href":"https:\/\/tvc16.com\/portal\/wp-json\/wp\/v2\/posts\/6808","targetHints":{"allow":["GET"]}}],"collection":[{"href":"https:\/\/tvc16.com\/portal\/wp-json\/wp\/v2\/posts"}],"about":[{"href":"https:\/\/tvc16.com\/portal\/wp-json\/wp\/v2\/types\/post"}],"author":[{"embeddable":true,"href":"https:\/\/tvc16.com\/portal\/wp-json\/wp\/v2\/users\/2"}],"replies":[{"embeddable":true,"href":"https:\/\/tvc16.com\/portal\/wp-json\/wp\/v2\/comments?post=6808"}],"version-history":[{"count":1,"href":"https:\/\/tvc16.com\/portal\/wp-json\/wp\/v2\/posts\/6808\/revisions"}],"predecessor-version":[{"id":6810,"href":"https:\/\/tvc16.com\/portal\/wp-json\/wp\/v2\/posts\/6808\/revisions\/6810"}],"wp:featuredmedia":[{"embeddable":true,"href":"https:\/\/tvc16.com\/portal\/wp-json\/wp\/v2\/media\/6809"}],"wp:attachment":[{"href":"https:\/\/tvc16.com\/portal\/wp-json\/wp\/v2\/media?parent=6808"}],"wp:term":[{"taxonomy":"category","embeddable":true,"href":"https:\/\/tvc16.com\/portal\/wp-json\/wp\/v2\/categories?post=6808"},{"taxonomy":"post_tag","embeddable":true,"href":"https:\/\/tvc16.com\/portal\/wp-json\/wp\/v2\/tags?post=6808"}],"curies":[{"name":"wp","href":"https:\/\/api.w.org\/{rel}","templated":true}]}}