{"id":6823,"date":"2020-11-27T18:54:41","date_gmt":"2020-11-27T21:54:41","guid":{"rendered":"https:\/\/tvc16.com\/portal\/?p=6823"},"modified":"2020-11-27T18:54:43","modified_gmt":"2020-11-27T21:54:43","slug":"mais-de-300-pessoas-aguardam-transferencia-para-leitos-de-covid-no-rio","status":"publish","type":"post","link":"https:\/\/tvc16.com\/portal\/2020\/11\/27\/mais-de-300-pessoas-aguardam-transferencia-para-leitos-de-covid-no-rio\/","title":{"rendered":"Mais de 300 pessoas aguardam transfer\u00eancia para leitos de covid no Rio"},"content":{"rendered":"\n<p>Taxa de ocupa\u00e7\u00e3o de UTI da rede estadual \u00e9 de 80%<\/p>\n\n\n\n<h4 class=\"wp-block-heading\">Por Vin\u00edcius Lisboa &#8211; Rep\u00f3rter da Ag\u00eancia Brasil &#8211; Rio de Janeiro<\/h4>\n\n\n\n<p>O n\u00famero de pacientes com novo coronav\u00edrus (de covid-19) que aguardam transfer\u00eancia para leitos no sistema de sa\u00fade do estado do Rio de Janeiro chegou a 358, segundo informou a Secretaria de Estado de Sa\u00fade no in\u00edcio da tarde de hoje (27). Entre esses pacientes, 207 devem ser transferidos para enfermarias e 151 para unidades de terapia intensiva (UTI).<img decoding=\"async\" src=\"https:\/\/agenciabrasil.ebc.com.br\/ebc.png?id=1394753&amp;o=node\"><img decoding=\"async\" src=\"https:\/\/agenciabrasil.ebc.com.br\/ebc.gif?id=1394753&amp;o=node\"><\/p>\n\n\n\n<p>A taxa de ocupa\u00e7\u00e3o dos leitos de UTI da rede estadual destinados \u00e0 covid-19 \u00e9 de 80%, enquanto as enfermarias chegaram a 51%.<\/p>\n\n\n\n<p>Na capital e Baixada Fluminense, os leitos de UTI para o tratamento da covid-19 chegaram na manh\u00e3 de hoje (27) a 92%, considerando unidades de sa\u00fade municipais, estaduais e federais. O percentual foi divulgado pela Secretaria Municipal de Sa\u00fade do Rio de Janeiro, que tamb\u00e9m informou uma ocupa\u00e7\u00e3o de 69% nas UTIs.<\/p>\n\n\n\n<p>Segundo a secretaria municipal, 301 pacientes aguardam transfer\u00eancia para leitos no Rio de Janeiro e na Baixada Fluminense, sendo 120 de UTI. A secretaria destaca que &#8220;as pessoas que aguardam leitos de UTI est\u00e3o sendo assistidas em leitos de unidades pr\u00e9-hospitalares, com monitores e respiradores&#8221;.<\/p>\n\n\n\n<p>Em toda a rede SUS na capital, h\u00e1 1.082 pessoas internadas em leitos especializados para a covid-19, e chega a 509 o n\u00famero de hospitalizados em terapia intensiva.&nbsp;&nbsp;&nbsp;<\/p>\n\n\n\n<p>Esta semana, o subsecret\u00e1rio de Sa\u00fade do munic\u00edpio, Jorge Darze, disse que a cidade &#8220;ainda n\u00e3o chegou a um patamar de ter a capacidade zerada&#8221; e explicou que, entre a indica\u00e7\u00e3o da necessidade de um leito e a efetiva interna\u00e7\u00e3o, h\u00e1 um processo que pode durar horas para que se consiga a transfer\u00eancia\u201d.&nbsp;<\/p>\n\n\n\n<p>J\u00e1 a Secretaria de Estado de Sa\u00fade explicou, ontem (26), que &#8220;a fila de espera por leitos ocorre porque, para pacientes com comorbidades, a Central Estadual de Regula\u00e7\u00e3o busca vagas que contemplem todas as suas necessidades cl\u00ednicas, garantindo a assist\u00eancia especializada a cada caso&#8221;.&nbsp;&nbsp;<\/p>\n\n\n\n<h2 class=\"wp-block-heading\">Taxa de letalidade<\/h2>\n\n\n\n<p>O Boletim Observat\u00f3rio Covid-19 da Funda\u00e7\u00e3o Oswaldo Cruz divulgado ontem (26) apontou &#8220;uma piora expressiva&#8221; da taxa de letalidade da covid-19 no estado do Rio de Janeiro, que chegou a 6,4%. Em outros estados, a letalidade \u00e9 entre 2% e 3%.<\/p>\n\n\n\n<p>&#8220;Esse valor \u00e9 considerado alto em rela\u00e7\u00e3o a outros estados e aos padr\u00f5es mundiais, \u00e0 medida que se aperfei\u00e7oam as capacidades de diagn\u00f3stico e de tratamento oportuno da doen\u00e7a, o que revela graves falhas no sistema de aten\u00e7\u00e3o e vigil\u00e2ncia em sa\u00fade&#8221;, disse a equipe multidisciplinar da Fiocruz.&nbsp;<\/p>\n\n\n\n<p>O coordenador do Sistema Monitora Covid-19 da Fiocruz, Christovam Barcellos, esclarece que a letalidade \u00e9 uma taxa calculada utilizando o n\u00famero de casos confirmados da doen\u00e7a e o n\u00famero de \u00f3bitos causados por ela. O indicador, ent\u00e3o, depende da realiza\u00e7\u00e3o de testes e diagn\u00f3sticos para se aproximar da realidade.<\/p>\n\n\n\n<p>Sanitarista do Instituto de Comunica\u00e7\u00e3o e Informa\u00e7\u00e3o em Sa\u00fade (Icict\/Fiocruz), Barcellos destaca que esse n\u00famero est\u00e1 mais ligado \u00e0 capacidade de diagn\u00f3stico que ao risco de morte ao contrair a doen\u00e7a.<\/p>\n\n\n\n<p>&#8220;O que pode estar acontecendo no Rio de Janeiro \u00e9 uma falha no diagn\u00f3stico do caso, enquanto o diagn\u00f3stico do \u00f3bito pode ainda estar sendo bem feito. \u00c9 importante a popula\u00e7\u00e3o saber que n\u00e3o significa que se voc\u00ea pegar a doen\u00e7a, voc\u00ea tem mais chances de morrer. Isso [a taxa] aponta falhas no sistema de sa\u00fade, e n\u00e3o que os casos do Rio de Janeiro sejam mais graves&#8221;, esclareceu.<\/p>\n\n\n\n<p>Procurada pela&nbsp;<strong>Ag\u00eancia Brasil<\/strong>, a Secretaria de Estado de Sa\u00fade ainda n\u00e3o respondeu.<\/p>\n\n\n\n<p>Edi\u00e7\u00e3o: Fernando Fraga<\/p>\n","protected":false},"excerpt":{"rendered":"<p>Taxa de ocupa\u00e7\u00e3o de UTI da rede estadual \u00e9 de 80% Por Vin\u00edcius Lisboa &#8211;<\/p>\n","protected":false},"author":2,"featured_media":6825,"comment_status":"open","ping_status":"open","sticky":false,"template":"","format":"standard","meta":{"footnotes":""},"categories":[13],"tags":[],"class_list":["post-6823","post","type-post","status-publish","format-standard","has-post-thumbnail","hentry","category-saude"],"_links":{"self":[{"href":"https:\/\/tvc16.com\/portal\/wp-json\/wp\/v2\/posts\/6823","targetHints":{"allow":["GET"]}}],"collection":[{"href":"https:\/\/tvc16.com\/portal\/wp-json\/wp\/v2\/posts"}],"about":[{"href":"https:\/\/tvc16.com\/portal\/wp-json\/wp\/v2\/types\/post"}],"author":[{"embeddable":true,"href":"https:\/\/tvc16.com\/portal\/wp-json\/wp\/v2\/users\/2"}],"replies":[{"embeddable":true,"href":"https:\/\/tvc16.com\/portal\/wp-json\/wp\/v2\/comments?post=6823"}],"version-history":[{"count":1,"href":"https:\/\/tvc16.com\/portal\/wp-json\/wp\/v2\/posts\/6823\/revisions"}],"predecessor-version":[{"id":6826,"href":"https:\/\/tvc16.com\/portal\/wp-json\/wp\/v2\/posts\/6823\/revisions\/6826"}],"wp:featuredmedia":[{"embeddable":true,"href":"https:\/\/tvc16.com\/portal\/wp-json\/wp\/v2\/media\/6825"}],"wp:attachment":[{"href":"https:\/\/tvc16.com\/portal\/wp-json\/wp\/v2\/media?parent=6823"}],"wp:term":[{"taxonomy":"category","embeddable":true,"href":"https:\/\/tvc16.com\/portal\/wp-json\/wp\/v2\/categories?post=6823"},{"taxonomy":"post_tag","embeddable":true,"href":"https:\/\/tvc16.com\/portal\/wp-json\/wp\/v2\/tags?post=6823"}],"curies":[{"name":"wp","href":"https:\/\/api.w.org\/{rel}","templated":true}]}}