{"id":6830,"date":"2020-11-27T18:57:08","date_gmt":"2020-11-27T21:57:08","guid":{"rendered":"https:\/\/tvc16.com\/portal\/?p=6830"},"modified":"2020-11-27T19:02:02","modified_gmt":"2020-11-27T22:02:02","slug":"escola-criativa-reune-artistas-e-revitaliza-espacos-de-escolas-em-sp","status":"publish","type":"post","link":"https:\/\/tvc16.com\/portal\/2020\/11\/27\/escola-criativa-reune-artistas-e-revitaliza-espacos-de-escolas-em-sp\/","title":{"rendered":"Escola Criativa re\u00fane artistas e revitaliza espa\u00e7os de escolas em SP"},"content":{"rendered":"\n<p>Programa visa \u00e0 melhoria do ambiente escolar pela integra\u00e7\u00e3o<\/p>\n\n\n\n<h4 class=\"wp-block-heading\">Por Camila Boehm \u2013 Rep\u00f3rter da Ag\u00eancia Brasil &#8211; S\u00e3o Paulo<\/h4>\n\n\n\n<p>O projeto Escola Criativa, promovido pelo Instituto Choque Cultural e que revitaliza espa\u00e7os de escolas p\u00fablicas de S\u00e3o Paulo com interven\u00e7\u00f5es art\u00edsticas h\u00e1 dez anos, levou artistas consagrados da arte urbana brasileira para criar obras in\u00e9ditas nos espa\u00e7os de quatro escolas da capital paulista e ressignificar suas \u00e1reas comuns. O objetivo foi revitalizar esses locais para receber os alunos quando houver o retorno \u00e0s aulas presenciais, que est\u00e3o suspensas devido \u00e0 pandemia de covid-19.<img decoding=\"async\" src=\"https:\/\/agenciabrasil.ebc.com.br\/ebc.png?id=1394742&amp;o=node\"><img decoding=\"async\" src=\"https:\/\/agenciabrasil.ebc.com.br\/ebc.gif?id=1394742&amp;o=node\"><\/p>\n\n\n\n<p>As interven\u00e7\u00f5es est\u00e3o sendo apresentadas ao p\u00fablico por meio de saraus culturais virtuais, pelo&nbsp;<em><a href=\"https:\/\/www.institutochoquecultural.net\/sarau-cultural\" target=\"_blank\" rel=\"noreferrer noopener\">site<\/a><\/em>, no dias 1, 2 e 3 de dezembro. Durante os saraus culturais, alunos, familiares e professores tamb\u00e9m apresentam atividades culturais desenvolvidas ao longo do ano: s\u00e3o poemas, pe\u00e7as de teatro, apresenta\u00e7\u00f5es musicais entre outros.<\/p>\n\n\n\n<p>\u201cO espa\u00e7o f\u00edsico e humano da escola, tal como organizado hoje, espelha a vida cotidiana da cidade\u201d, disse a educadora Raquel Ribeiro, uma das organizadoras do projeto, ao lado de Baixo Ribeiro e Mariana Martins, da galeria Choque Cultural. \u201cAssim como desejamos espa\u00e7os p\u00fablicos mais amig\u00e1veis ao conv\u00edvio na cidade, se pensarmos a escola como um microcosmo da cidade, veremos que ela tamb\u00e9m tem seus espa\u00e7os coletivos como o p\u00e1tio, a quadra, os corredores, entre outros que podem ter novos significados\u201d, acrescentou Raquel.<\/p>\n\n\n\n<p>Ao longo dos \u00faltimos dez anos, o projeto beneficiou 40 escolas, alcan\u00e7ando cerca de 275 professores e milhares de crian\u00e7as e jovens paulistanos. O programa visa \u00e0 melhoria do ambiente escolar pela integra\u00e7\u00e3o entre educa\u00e7\u00e3o e cultura e concebe a escola como microcosmos da cidade.<\/p>\n\n\n\n<p>Nesta edi\u00e7\u00e3o mais recente do projeto, as interven\u00e7\u00f5es art\u00edsticas foram assinadas por TEC, Presto, Celso Gitahy e Coletivo Cicloartivo. S\u00e3o pinturas in\u00e9ditas, com car\u00e1ter pedag\u00f3gico, pensadas para revitalizar os espa\u00e7os e contribuir para o acolhimento dos alunos na retomada de atividades.<\/p>\n\n\n\n<p>Todos os artistas participaram das interven\u00e7\u00f5es nas quatro escolas contempladas nesta fase do projeto e, em cada uma, deixaram um pouco da sua arte. O piso cinza da escola EMEF Conde Luiz Eduardo Matarazzo, no bairro Parque dos Pr\u00edncipes, na zona oeste da cidade, ganhou o colorido de uma amarelinha feita por TEC, artista argentino e radicado no Brasil, um dos principais nomes da arte urbana da atualidade.<\/p>\n\n\n\n<p>Os personagens fant\u00e1sticos e l\u00fadicos de Presto, expoente do grafite brasileiro, tomaram as paredes da EMEF Almirante Ary Parreiras, na Vila Babil\u00f4nia, zona sul. J\u00e1 Celso Gitahy, um dos precursores da arte urbana brasileira, h\u00e1 mais de 25 anos em atividade no circuito contempor\u00e2neo, levou \u00e0 EMEF Presidente Campos Salles, na Cidade Nova Heli\u00f3polis, zona sul, seu repert\u00f3rio imag\u00e9tico que mistura ind\u00edgenas, pin-ups, f\u00f3rmulas matem\u00e1ticas e inscri\u00e7\u00f5es rupestres, obras que remetem \u00e0 diversidade das ruas.<\/p>\n\n\n\n<figure class=\"wp-block-image\"><img decoding=\"async\" src=\"https:\/\/imagens.ebc.com.br\/U-I5AX5HJcTyGaY8H1nW4liMISI=\/463x0\/smart\/https:\/\/agenciabrasil.ebc.com.br\/sites\/default\/files\/thumbnails\/image\/rvrsa_2711203220_0.jpg?itok=6y2_824J\" alt=\"Interven\u00e7\u00f5es art\u00edsticas realizadas pelo projeto Escola Criativa, promovido pelo Instituto Choque Cultural, na Escola Municipal de Ensino Fundamental Presidente Campos Salles, na Cidade Nova Heli\u00f3polis, zona sul.\" title=\"Rovena Rosa\/Ag\u00eancia Brasil\"\/><\/figure>\n\n\n\n<p>Projeto Escola Criativa &#8211; Presidente Campos Salles &#8211;&nbsp;<strong>Rovena Rosa\/Ag\u00eancia Brasil<\/strong><\/p>\n\n\n\n<p>\u201cFicamos bastante contentes com o projeto do Escola Criativa. Os artistas trouxeram obras inspiradoras e criativas aos nossos espa\u00e7os, s\u00e3o obras singulares que, sem d\u00favida, ser\u00e3o apreciadas por nossos alunos e colaboradores na volta \u00e0s aulas\u201d, disse Silvia Regina Silva Rocha, diretora da escola Campos Salles.<\/p>\n\n\n\n<p>O Cicloartivo transformou o ambiente da EMEF Desembargador Amorim Lima, na Vila Gomes, na zona oeste, com pinturas arquitet\u00f4nicas, amarelinhas e um rio pulsante que percorre a maior parte do espa\u00e7o externo da escola.<\/p>\n\n\n\n<p>Al\u00e9m da revitaliza\u00e7\u00e3o, o projeto visa a estreitar as dist\u00e2ncias entre professores, alunos e comunidades, usando ferramentas que misturam educa\u00e7\u00e3o, arte e comunica\u00e7\u00e3o. Nas edi\u00e7\u00f5es anteriores, as interven\u00e7\u00f5es foram realizadas durante mutir\u00f5es, envolvendo a comunidade. Dessa vez, devido \u00e0 necessidade de distanciamento social na pandemia, os artistas realizaram as interven\u00e7\u00f5es sem mutir\u00f5es e respeitando o protocolo orientado pelos \u00f3rg\u00e3os p\u00fablicos de sa\u00fade para preven\u00e7\u00e3o do cont\u00e1gio e dissemina\u00e7\u00e3o da covid-19.<\/p>\n\n\n\n<p>Edi\u00e7\u00e3o: Val\u00e9ria Aguiar<\/p>\n","protected":false},"excerpt":{"rendered":"<p>Programa visa \u00e0 melhoria do ambiente escolar pela integra\u00e7\u00e3o Por Camila Boehm \u2013 Rep\u00f3rter da<\/p>\n","protected":false},"author":2,"featured_media":6831,"comment_status":"open","ping_status":"open","sticky":false,"template":"","format":"standard","meta":{"footnotes":""},"categories":[19],"tags":[],"class_list":["post-6830","post","type-post","status-publish","format-standard","has-post-thumbnail","hentry","category-educacao"],"_links":{"self":[{"href":"https:\/\/tvc16.com\/portal\/wp-json\/wp\/v2\/posts\/6830","targetHints":{"allow":["GET"]}}],"collection":[{"href":"https:\/\/tvc16.com\/portal\/wp-json\/wp\/v2\/posts"}],"about":[{"href":"https:\/\/tvc16.com\/portal\/wp-json\/wp\/v2\/types\/post"}],"author":[{"embeddable":true,"href":"https:\/\/tvc16.com\/portal\/wp-json\/wp\/v2\/users\/2"}],"replies":[{"embeddable":true,"href":"https:\/\/tvc16.com\/portal\/wp-json\/wp\/v2\/comments?post=6830"}],"version-history":[{"count":1,"href":"https:\/\/tvc16.com\/portal\/wp-json\/wp\/v2\/posts\/6830\/revisions"}],"predecessor-version":[{"id":6832,"href":"https:\/\/tvc16.com\/portal\/wp-json\/wp\/v2\/posts\/6830\/revisions\/6832"}],"wp:featuredmedia":[{"embeddable":true,"href":"https:\/\/tvc16.com\/portal\/wp-json\/wp\/v2\/media\/6831"}],"wp:attachment":[{"href":"https:\/\/tvc16.com\/portal\/wp-json\/wp\/v2\/media?parent=6830"}],"wp:term":[{"taxonomy":"category","embeddable":true,"href":"https:\/\/tvc16.com\/portal\/wp-json\/wp\/v2\/categories?post=6830"},{"taxonomy":"post_tag","embeddable":true,"href":"https:\/\/tvc16.com\/portal\/wp-json\/wp\/v2\/tags?post=6830"}],"curies":[{"name":"wp","href":"https:\/\/api.w.org\/{rel}","templated":true}]}}