{"id":6836,"date":"2020-11-27T18:59:46","date_gmt":"2020-11-27T21:59:46","guid":{"rendered":"https:\/\/tvc16.com\/portal\/?p=6836"},"modified":"2020-11-27T18:59:48","modified_gmt":"2020-11-27T21:59:48","slug":"maia-combate-ao-racismo-deve-ser-agenda-prioritaria-do-parlamento","status":"publish","type":"post","link":"https:\/\/tvc16.com\/portal\/2020\/11\/27\/maia-combate-ao-racismo-deve-ser-agenda-prioritaria-do-parlamento\/","title":{"rendered":"Maia: combate ao racismo deve ser agenda priorit\u00e1ria do Parlamento"},"content":{"rendered":"\n<p>Ele disse que discrimina\u00e7\u00e3o racial deve ser pauta priorit\u00e1ria<\/p>\n\n\n\n<h4 class=\"wp-block-heading\">Por Luciano Nascimento &#8211; Rep\u00f3rter da Ag\u00eancia Brasil &#8211; Bras\u00edlia<\/h4>\n\n\n\n<p>O presidente da C\u00e2mara dos Deputados, Rodrigo Maia (DEM-RJ), disse hoje (27) que a Casa deve, com a sociedade, encontrar solu\u00e7\u00f5es pol\u00edticas definitivas para combater o racismo no Brasil. Maia abriu a reuni\u00e3o da comiss\u00e3o externa da C\u00e2mara que acompanha a investiga\u00e7\u00e3o da morte de Jo\u00e3o Alberto, espancado at\u00e9 a morte por seguran\u00e7as em uma unidade do supermercado Carrefour, em Porto Alegre.<img decoding=\"async\" src=\"https:\/\/agenciabrasil.ebc.com.br\/ebc.png?id=1394734&amp;o=node\"><img decoding=\"async\" src=\"https:\/\/agenciabrasil.ebc.com.br\/ebc.gif?id=1394734&amp;o=node\"><\/p>\n\n\n\n<p>Ao discursar, o deputado afirmou que o racismo \u00e9 estrutural no Brasil e que o combate \u00e0 discrimina\u00e7\u00e3o racial deve ser uma pauta priorit\u00e1ria do Parlamento e da sociedade.<\/p>\n\n\n\n<p>\u201cInfelizmente a gente sabe que o racismo no Brasil \u00e9 uma quest\u00e3o estrutural, n\u00e3o vem de hoje, vem de longe. Acho que n\u00f3s precisamos de forma definitiva aproveitar este momento e esse grupo para que possamos fazer um debate com apoio da sociedade, e introduzir de forma definitiva, na pauta da C\u00e2mara, essa quest\u00e3o e as solu\u00e7\u00f5es que a pol\u00edtica precisa encontrar junto com a sociedade\u201d, disse Maia.<\/p>\n\n\n\n<p>A comiss\u00e3o foi criada alguns dias ap\u00f3s a morte de Jo\u00e3o Alberto, ocorrida na v\u00e9spera do Dia da Consci\u00eancia Negra. Durante a reuni\u00e3o, Maia classificou a morte de Jo\u00e3o Alberto, como um &#8220;absurdo&#8221;.<\/p>\n\n\n\n<p>\u201cQue esse grupo possa se tornar um ambiente permanente de debate e que o Parlamento tenha sempre uma agenda priorit\u00e1ria da sociedade brasileira, para que seja um pa\u00eds com menos desigualdade e todos n\u00f3s sejamos respeitados. E nunca mais se veja o racismo e a viol\u00eancia contra o negro\u201d, afirmou Maia.<\/p>\n\n\n\n<p>A comiss\u00e3o \u00e9 coordenada pelo deputado Dami\u00e3o Feliciano (PDT-PB). Tamb\u00e9m integram o colegiado Benedita da Silva (PT-RJ), Bira do Pindar\u00e9 (PSB-MA), Silvia Cristina (PDT-RO), \u00c1urea Carolina (Psol-MG) e Orlando Silva (PCdoB-SP).<\/p>\n\n\n\n<p>De acordo com o deputado Feliciano, na pr\u00f3xima semana, a comiss\u00e3o vai se reunir com o governador do Rio Grande do Sul, Eduardo Leite, familiares da v\u00edtima e autoridades do estado e, ainda, comandos das pol\u00edcias Civil e Militar, o Minist\u00e9rio P\u00fablico e movimentos sociais.<\/p>\n\n\n\n<p>Edi\u00e7\u00e3o: Maria Claudia<\/p>\n","protected":false},"excerpt":{"rendered":"<p>Ele disse que discrimina\u00e7\u00e3o racial deve ser pauta priorit\u00e1ria Por Luciano Nascimento &#8211; Rep\u00f3rter da<\/p>\n","protected":false},"author":2,"featured_media":6837,"comment_status":"open","ping_status":"open","sticky":false,"template":"","format":"standard","meta":{"footnotes":""},"categories":[15],"tags":[],"class_list":["post-6836","post","type-post","status-publish","format-standard","has-post-thumbnail","hentry","category-politica"],"_links":{"self":[{"href":"https:\/\/tvc16.com\/portal\/wp-json\/wp\/v2\/posts\/6836","targetHints":{"allow":["GET"]}}],"collection":[{"href":"https:\/\/tvc16.com\/portal\/wp-json\/wp\/v2\/posts"}],"about":[{"href":"https:\/\/tvc16.com\/portal\/wp-json\/wp\/v2\/types\/post"}],"author":[{"embeddable":true,"href":"https:\/\/tvc16.com\/portal\/wp-json\/wp\/v2\/users\/2"}],"replies":[{"embeddable":true,"href":"https:\/\/tvc16.com\/portal\/wp-json\/wp\/v2\/comments?post=6836"}],"version-history":[{"count":1,"href":"https:\/\/tvc16.com\/portal\/wp-json\/wp\/v2\/posts\/6836\/revisions"}],"predecessor-version":[{"id":6838,"href":"https:\/\/tvc16.com\/portal\/wp-json\/wp\/v2\/posts\/6836\/revisions\/6838"}],"wp:featuredmedia":[{"embeddable":true,"href":"https:\/\/tvc16.com\/portal\/wp-json\/wp\/v2\/media\/6837"}],"wp:attachment":[{"href":"https:\/\/tvc16.com\/portal\/wp-json\/wp\/v2\/media?parent=6836"}],"wp:term":[{"taxonomy":"category","embeddable":true,"href":"https:\/\/tvc16.com\/portal\/wp-json\/wp\/v2\/categories?post=6836"},{"taxonomy":"post_tag","embeddable":true,"href":"https:\/\/tvc16.com\/portal\/wp-json\/wp\/v2\/tags?post=6836"}],"curies":[{"name":"wp","href":"https:\/\/api.w.org\/{rel}","templated":true}]}}