{"id":6841,"date":"2020-11-27T19:04:00","date_gmt":"2020-11-27T22:04:00","guid":{"rendered":"https:\/\/tvc16.com\/portal\/?p=6841"},"modified":"2020-11-27T19:04:03","modified_gmt":"2020-11-27T22:04:03","slug":"cob-assina-acordo-que-beneficia-criancas-e-adolescentes","status":"publish","type":"post","link":"https:\/\/tvc16.com\/portal\/2020\/11\/27\/cob-assina-acordo-que-beneficia-criancas-e-adolescentes\/","title":{"rendered":"COB assina acordo que beneficia crian\u00e7as e adolescentes"},"content":{"rendered":"\n<p>Acordo extingue processos por compromissos que COB n\u00e3o cumpriu<\/p>\n\n\n\n<h4 class=\"wp-block-heading\">Por Mariana Tokarnia \u2013 Rep\u00f3rter da Ag\u00eancia Brasil &#8211; Rio de Janeiro<\/h4>\n\n\n\n<p>O Comit\u00ea Ol\u00edmpico Brasileiro (COB) ir\u00e1 depositar R$ 2 milh\u00f5es em favor do Fundo Municipal dos Direitos da Crian\u00e7a e do Adolescente do Rio de Janeiro, al\u00e9m de doar dez tochas ol\u00edmpicas para o Conselho Municipal dos Direitos da Crian\u00e7a e do Adolescente. Os compromissos est\u00e3o previstos em termo de ajustamento de conduta (TAC) assinado quinta-feira (26) e homologado junto ao Minist\u00e9rio P\u00fablico.&nbsp;<img decoding=\"async\" src=\"https:\/\/agenciabrasil.ebc.com.br\/ebc.png?id=1394732&amp;o=node\"><img decoding=\"async\" src=\"https:\/\/agenciabrasil.ebc.com.br\/ebc.gif?id=1394732&amp;o=node\"><\/p>\n\n\n\n<p>O termo foi firmado em audi\u00eancia especial realizada pelo juiz S\u00e9rgio Luiz Ribeiro de Souza, da 1\u00aa Vara da Inf\u00e2ncia e Juventude e do Idoso da Capital do Tribunal de Justi\u00e7a do Rio de Janeiro (TJRJ).&nbsp;<\/p>\n\n\n\n<p>O acordo foi feito para que fossem extintos 140 processos resultantes de compromissos que&nbsp; beneficiariam pol\u00edticas p\u00fablicas na \u00e1rea da inf\u00e2ncia e juventude que deveriam ter sido cumpridos pelo COB na \u00e9poca da Olimp\u00edada de 2016, disputada no Rio de Janeiro. As multas pendentes e os autos de infra\u00e7\u00e3o ocorridos no per\u00edodo dos Jogos Ol\u00edmpicos e Paraol\u00edmpicos chegavam a cerca de R$ 4 milh\u00f5es.&nbsp;<\/p>\n\n\n\n<p>O Fundo Municipal dos Direitos da Crian\u00e7as e do Adolescente do Rio de Janeiro \u00e9 composto de doa\u00e7\u00f5es de pessoas f\u00edsicas e jur\u00eddicas que visam atender projetos envolvendo crian\u00e7as em situa\u00e7\u00e3o de vulnerabilidade.&nbsp;<\/p>\n\n\n\n<p>Cabe ao Conselho Municipal dos Direitos da Crian\u00e7a e do Adolescente decidir qual projeto, a\u00e7\u00e3o ou programa receber\u00e1 o dinheiro doado pelo COB. Os recursos devem, obrigatoriamente ser destinados \u00e0 \u00e1rea da inf\u00e2ncia e juventude.<\/p>\n\n\n\n<p>Edi\u00e7\u00e3o: N\u00e1dia Franco<\/p>\n","protected":false},"excerpt":{"rendered":"<p>Acordo extingue processos por compromissos que COB n\u00e3o cumpriu Por Mariana Tokarnia \u2013 Rep\u00f3rter da<\/p>\n","protected":false},"author":2,"featured_media":6842,"comment_status":"open","ping_status":"open","sticky":false,"template":"","format":"standard","meta":{"footnotes":""},"categories":[17],"tags":[],"class_list":["post-6841","post","type-post","status-publish","format-standard","has-post-thumbnail","hentry","category-outras-noticias"],"_links":{"self":[{"href":"https:\/\/tvc16.com\/portal\/wp-json\/wp\/v2\/posts\/6841","targetHints":{"allow":["GET"]}}],"collection":[{"href":"https:\/\/tvc16.com\/portal\/wp-json\/wp\/v2\/posts"}],"about":[{"href":"https:\/\/tvc16.com\/portal\/wp-json\/wp\/v2\/types\/post"}],"author":[{"embeddable":true,"href":"https:\/\/tvc16.com\/portal\/wp-json\/wp\/v2\/users\/2"}],"replies":[{"embeddable":true,"href":"https:\/\/tvc16.com\/portal\/wp-json\/wp\/v2\/comments?post=6841"}],"version-history":[{"count":1,"href":"https:\/\/tvc16.com\/portal\/wp-json\/wp\/v2\/posts\/6841\/revisions"}],"predecessor-version":[{"id":6843,"href":"https:\/\/tvc16.com\/portal\/wp-json\/wp\/v2\/posts\/6841\/revisions\/6843"}],"wp:featuredmedia":[{"embeddable":true,"href":"https:\/\/tvc16.com\/portal\/wp-json\/wp\/v2\/media\/6842"}],"wp:attachment":[{"href":"https:\/\/tvc16.com\/portal\/wp-json\/wp\/v2\/media?parent=6841"}],"wp:term":[{"taxonomy":"category","embeddable":true,"href":"https:\/\/tvc16.com\/portal\/wp-json\/wp\/v2\/categories?post=6841"},{"taxonomy":"post_tag","embeddable":true,"href":"https:\/\/tvc16.com\/portal\/wp-json\/wp\/v2\/tags?post=6841"}],"curies":[{"name":"wp","href":"https:\/\/api.w.org\/{rel}","templated":true}]}}