{"id":6844,"date":"2020-11-27T19:05:10","date_gmt":"2020-11-27T22:05:10","guid":{"rendered":"https:\/\/tvc16.com\/portal\/?p=6844"},"modified":"2020-11-27T19:05:12","modified_gmt":"2020-11-27T22:05:12","slug":"empresas-e-pessoas-fisicas-pagam-juros-mais-altos-em-outubro-diz-bc","status":"publish","type":"post","link":"https:\/\/tvc16.com\/portal\/2020\/11\/27\/empresas-e-pessoas-fisicas-pagam-juros-mais-altos-em-outubro-diz-bc\/","title":{"rendered":"Empresas e pessoas f\u00edsicas pagam juros mais altos em outubro, diz BC"},"content":{"rendered":"\n<p>Taxa m\u00e9dia de juros para as fam\u00edlias chegou a 38,9% ao ano<\/p>\n\n\n\n<h4 class=\"wp-block-heading\">Por Kelly Oliveira \u2013 Rep\u00f3rter da Ag\u00eancia Brasil &#8211; Bras\u00edlia<\/h4>\n\n\n\n<p>As empresas e fam\u00edlias pagaram juros mais altos nas opera\u00e7\u00f5es de cr\u00e9dito em outubro, informou hoje (27) o Banco Central (BC), ao divulgar as Estat\u00edsticas Monet\u00e1rias e de Cr\u00e9dito.<img decoding=\"async\" src=\"https:\/\/agenciabrasil.ebc.com.br\/ebc.png?id=1394728&amp;o=node\"><img decoding=\"async\" src=\"https:\/\/agenciabrasil.ebc.com.br\/ebc.gif?id=1394728&amp;o=node\"><\/p>\n\n\n\n<p>A taxa m\u00e9dia de juros para as pessoas f\u00edsicas no cr\u00e9dito livre chegou a 38,9% ao ano, aumento de 0,9 ponto percentual em rela\u00e7\u00e3o a setembro. J\u00e1 a taxa m\u00e9dia das empresas ficou em 12% ao ano, alta de 0,5 ponto percentual na compara\u00e7\u00e3o com o m\u00eas anterior.<\/p>\n\n\n\n<p>Segundo o chefe do Departamento de Estat\u00edsticas do BC, Fernando Rocha, depois de um longo per\u00edodo de redu\u00e7\u00e3o de taxas, as institui\u00e7\u00f5es financeiras elevaram os juros em outubro, mas ainda n\u00e3o \u00e9 poss\u00edvel saber se a alta \u00e9 uma tend\u00eancia. \u201cEsse movimento, pelas estat\u00edsticas que temos at\u00e9 agora, foi pontual. N\u00e3o temos elementos para falar se a tend\u00eancia ser\u00e1 de aumento ou de retorno para o n\u00edvel de setembro\u201d, disse.<\/p>\n\n\n\n<p>A taxa do cr\u00e9dito pessoal (n\u00e3o consignado) chegou a 77,1% ao ano, com aumento de 7,6 pontos percentuais em rela\u00e7\u00e3o a setembro. Os juros do cr\u00e9dito consignado subiram 0,7 ponto percentual para 19,2% ao ano.<\/p>\n\n\n\n<p>Os juros m\u00e9dios do rotativo do cart\u00e3o de cr\u00e9dito tamb\u00e9m subiram. A taxa chegou a 317,5% ao ano, com alta de 7,8 pontos percentuais. No caso do rotativo regular, quando o cliente paga pelo menos o valor m\u00ednimo da fatura, a taxa chegou a 285,7% ao ano, alta de 17,6 pontos percentuais. A taxa do rotativo n\u00e3o regular chegou a 339,4% ao ano, aumento de 2,6 pontos percentuais em rela\u00e7\u00e3o ao m\u00eas anterior.<\/p>\n\n\n\n<p>J\u00e1 a taxa do cheque especial ficou em 112,9 % ao ano, queda de 1,1 ponto percentual em rela\u00e7\u00e3o ao m\u00eas anterior.<\/p>\n\n\n\n<p>Essas taxas s\u00e3o do cr\u00e9dito livre, em que os bancos t\u00eam autonomia para emprestar o dinheiro captado no mercado e definir as taxas de juros cobradas dos clientes.&nbsp;<\/p>\n\n\n\n<p>J\u00e1 o cr\u00e9dito direcionado tem regras definidas pelo governo, e \u00e9 destinado, basicamente, aos setores habitacional, rural, de infraestrutura e ao microcr\u00e9dito.<\/p>\n\n\n\n<p>No caso do cr\u00e9dito direcionado, a taxa m\u00e9dia para pessoas f\u00edsicas caiu 0,1 ponto percentual para 6,9% ao ano. Para as empresas, a taxa subiu 1 ponto percentual para 7,7% ao ano.<\/p>\n\n\n\n<h2 class=\"wp-block-heading\">Inadimpl\u00eancia<\/h2>\n\n\n\n<p>A inadimpl\u00eancia &#8211; considerados atrasos acima de 90 dias &#8211; das fam\u00edlias e das empresas, no cr\u00e9dito livre, recuou 0,1 ponto percentual para 4,5% e 1,5%, respectivamente.<\/p>\n\n\n\n<p>No cr\u00e9dito direcionado, a inadimpl\u00eancia recuou 0,1 ponto percentual para as fam\u00edlias, ficando em 1,3%. Para as empresas, tamb\u00e9m caiu 0,1 ponto percentual e chegou a 1,4%.<\/p>\n\n\n\n<h2 class=\"wp-block-heading\">Saldo<\/h2>\n\n\n\n<p>O saldo total das opera\u00e7\u00f5es de cr\u00e9dito do sistema financeiro alcan\u00e7ou R$ 3,872 trilh\u00f5es em outubro, crescendo 1,4% no m\u00eas, com aumentos de 1,7% em pessoas f\u00edsicas (saldo de R$ 2,2 trilh\u00f5es) e de 1% na carteira de pessoas jur\u00eddicas (saldo de R$ 1,7 trilh\u00e3o). \u201cEm 12 meses, o crescimento da carteira total acelerou de 13,4% para 14,5%, resultado de expans\u00f5es nos cr\u00e9ditos \u00e0s empresas (de 18,9% para 21,1%) e \u00e0s fam\u00edlias (de 9,4% para 9,8%)\u201d, disse o BC.<\/p>\n\n\n\n<p>O cr\u00e9dito livre para pessoas jur\u00eddicas totalizou R$ 1,049 trilh\u00e3o, com aumentos de 0,8% no m\u00eas e de 25,2% em 12 meses. O BC destaca as opera\u00e7\u00f5es de capital de giro acima de um ano, aquisi\u00e7\u00e3o de ve\u00edculos e repasses externos (devido \u00e0 varia\u00e7\u00e3o cambial).<\/p>\n\n\n\n<p>O saldo do cr\u00e9dito livre a pessoas f\u00edsicas alcan\u00e7ou R$ 1,2 trilh\u00e3o, ap\u00f3s eleva\u00e7\u00f5es de 1,9% no m\u00eas e de 9,3% em 12 meses, com aumentos em cr\u00e9dito pessoal consignado e n\u00e3o consignado, cart\u00e3o \u00e0 vista e financiamentos de ve\u00edculos.<\/p>\n\n\n\n<p>Segundo o BC, no cr\u00e9dito direcionado, a carteira de pessoas jur\u00eddicas alcan\u00e7ou R$ 664 bilh\u00f5es em outubro, com eleva\u00e7\u00f5es de 1,4% no m\u00eas e de 15,2% em 12 meses, \u201crefletindo a expans\u00e3o em outros cr\u00e9ditos direcionados (8% no m\u00eas e 121% em 12 meses), devido aos programas de apoio a micro, pequenas e m\u00e9dias empresas criados para combater os efeitos da pandemia\u201d [de covid-19].&nbsp;<\/p>\n\n\n\n<p>O saldo com pessoas f\u00edsicas alcan\u00e7ou R$ 982 bilh\u00f5es, aumentos de 1,3% e de 10,4% nas mesmas bases de compara\u00e7\u00e3o, prosseguindo as expans\u00f5es em cr\u00e9dito rural e financiamento imobili\u00e1rio.<\/p>\n\n\n\n<p>Edi\u00e7\u00e3o: Fernando Fraga<\/p>\n","protected":false},"excerpt":{"rendered":"<p>Taxa m\u00e9dia de juros para as fam\u00edlias chegou a 38,9% ao ano Por Kelly Oliveira<\/p>\n","protected":false},"author":2,"featured_media":6845,"comment_status":"open","ping_status":"open","sticky":false,"template":"","format":"standard","meta":{"footnotes":""},"categories":[18],"tags":[],"class_list":["post-6844","post","type-post","status-publish","format-standard","has-post-thumbnail","hentry","category-economia"],"_links":{"self":[{"href":"https:\/\/tvc16.com\/portal\/wp-json\/wp\/v2\/posts\/6844","targetHints":{"allow":["GET"]}}],"collection":[{"href":"https:\/\/tvc16.com\/portal\/wp-json\/wp\/v2\/posts"}],"about":[{"href":"https:\/\/tvc16.com\/portal\/wp-json\/wp\/v2\/types\/post"}],"author":[{"embeddable":true,"href":"https:\/\/tvc16.com\/portal\/wp-json\/wp\/v2\/users\/2"}],"replies":[{"embeddable":true,"href":"https:\/\/tvc16.com\/portal\/wp-json\/wp\/v2\/comments?post=6844"}],"version-history":[{"count":1,"href":"https:\/\/tvc16.com\/portal\/wp-json\/wp\/v2\/posts\/6844\/revisions"}],"predecessor-version":[{"id":6846,"href":"https:\/\/tvc16.com\/portal\/wp-json\/wp\/v2\/posts\/6844\/revisions\/6846"}],"wp:featuredmedia":[{"embeddable":true,"href":"https:\/\/tvc16.com\/portal\/wp-json\/wp\/v2\/media\/6845"}],"wp:attachment":[{"href":"https:\/\/tvc16.com\/portal\/wp-json\/wp\/v2\/media?parent=6844"}],"wp:term":[{"taxonomy":"category","embeddable":true,"href":"https:\/\/tvc16.com\/portal\/wp-json\/wp\/v2\/categories?post=6844"},{"taxonomy":"post_tag","embeddable":true,"href":"https:\/\/tvc16.com\/portal\/wp-json\/wp\/v2\/tags?post=6844"}],"curies":[{"name":"wp","href":"https:\/\/api.w.org\/{rel}","templated":true}]}}