{"id":6847,"date":"2020-11-27T19:06:20","date_gmt":"2020-11-27T22:06:20","guid":{"rendered":"https:\/\/tvc16.com\/portal\/?p=6847"},"modified":"2020-11-27T19:06:23","modified_gmt":"2020-11-27T22:06:23","slug":"fiocruz-aumento-de-casos-e-obitos-de-covid-19-deve-servir-de-alerta","status":"publish","type":"post","link":"https:\/\/tvc16.com\/portal\/2020\/11\/27\/fiocruz-aumento-de-casos-e-obitos-de-covid-19-deve-servir-de-alerta\/","title":{"rendered":"Fiocruz: aumento de casos e \u00f3bitos de covid-19 deve servir de alerta"},"content":{"rendered":"\n<p>A pesquisa se refere ao per\u00edodo entre 8 e 21 de novembro<\/p>\n\n\n\n<h4 class=\"wp-block-heading\">Por Vin\u00edcius Lisboa &#8211; Rep\u00f3rter da Ag\u00eancia Brasil &#8211; Rio de Janeiro<\/h4>\n\n\n\n<p>O aumento de casos e \u00f3bitos de covid-19 no Brasil entre 8 e 21 de novembro ainda n\u00e3o pode ser chamado de segunda onda, mas deve servir de alerta para refor\u00e7ar o sistema de sa\u00fade, avalia o Boletim Observat\u00f3rio Covid-19 da Funda\u00e7\u00e3o Oswaldo Cruz (Fiocruz), que foi atualizado ontem (26) com os dados das semanas epidemiol\u00f3gicas 46 e 47. O texto pede aten\u00e7\u00e3o na an\u00e1lise dos dados, j\u00e1 que as semanas estudadas sucedem um per\u00edodo em que houve defasagem nos registros, no contexto dos ataques cibern\u00e9ticos sofridos por \u00f3rg\u00e3os federais.<img decoding=\"async\" src=\"https:\/\/agenciabrasil.ebc.com.br\/ebc.png?id=1394725&amp;o=node\"><img decoding=\"async\" src=\"https:\/\/agenciabrasil.ebc.com.br\/ebc.gif?id=1394725&amp;o=node\"><\/p>\n\n\n\n<p>&#8220;Ainda n\u00e3o se pode afirmar que o Brasil vive uma segunda onda da pandemia, mas a invers\u00e3o da tend\u00eancia de redu\u00e7\u00e3o desses indicadores [de casos e \u00f3bitos] deve servir como alerta para todo o sistema de sa\u00fade, no sentido de refor\u00e7ar a infraestrutura hospitalar e intensificar a\u00e7\u00f5es de aten\u00e7\u00e3o prim\u00e1ria integrada \u00e0 vigil\u00e2ncia&#8221;, afirma o boletim, que reitera a import\u00e2ncia de combinar o distanciamento social \u00e0 realiza\u00e7\u00e3o de testes para a identifica\u00e7\u00e3o ativa de casos e contatos, com isolamento dos casos e quarentena dos contatos.<\/p>\n\n\n\n<p>A Fiocruz avalia ainda que &#8220;a combina\u00e7\u00e3o dos problemas no fluxo de dados e o aumento s\u00fabito do n\u00famero de casos deve ser tratada com bastante aten\u00e7\u00e3o, pois significa que no momento atual podemos ter um quadro de indicadores que efetivamente n\u00e3o reflete a realidade, agravado pela aus\u00eancia de testes e de busca ativa de casos e contatos&#8221;.<\/p>\n\n\n\n<p>Entre 8 e 21 de novembro, foi observada tend\u00eancia de alta na incid\u00eancia da doen\u00e7a nos estados do Amap\u00e1, Rio de Janeiro, de S\u00e3o Paulo, do Paran\u00e1 e de Santa Catarina. J\u00e1 o n\u00famero de \u00f3bitos sofreu &#8220;aumento expressivo&#8221; em Roraima (+7,9%), Minas Gerais (+6,6%), no Rio de Janeiro (+10,1%), em S\u00e3o Paulo (+7,7%),&nbsp; no Rio Grande do Sul (+5,2%) e em Goi\u00e1s (+7,5%).<\/p>\n\n\n\n<p>A Fiocruz aponta que a incid\u00eancia de S\u00edndrome Respirat\u00f3ria Aguda Grave (SRAG) no pa\u00eds voltou a crescer e &#8220;revela um quadro preocupante&#8221;. As taxas mais altas no per\u00edodo ocorreram em Mato Grosso do Sul, Santa Catarina, no Distrito Federal, Paran\u00e1, em S\u00e3o Paulo e no Rio Grande do Sul.<\/p>\n\n\n\n<p>A ocupa\u00e7\u00e3o dos leitos de unidade de terapia intensiva para covid-19, segundo o boletim, continuou em uma tend\u00eancia de piora, com Amazonas (86%) e Esp\u00edrito Santo (85,1%) na zona de alerta cr\u00edtica. A situa\u00e7\u00e3o piorou na Bahia (61,1%), em Minas Gerais (64,5%), no Rio de Janeiro (70%) e em Santa Catarina (78,1%), e esses estados voltaram para a zona cr\u00edtica intermedi\u00e1ria.<\/p>\n\n\n\n<p>Edi\u00e7\u00e3o: Val\u00e9ria Aguiar<\/p>\n","protected":false},"excerpt":{"rendered":"<p>A pesquisa se refere ao per\u00edodo entre 8 e 21 de novembro Por Vin\u00edcius Lisboa<\/p>\n","protected":false},"author":2,"featured_media":6848,"comment_status":"open","ping_status":"open","sticky":false,"template":"","format":"standard","meta":{"footnotes":""},"categories":[13],"tags":[],"class_list":["post-6847","post","type-post","status-publish","format-standard","has-post-thumbnail","hentry","category-saude"],"_links":{"self":[{"href":"https:\/\/tvc16.com\/portal\/wp-json\/wp\/v2\/posts\/6847","targetHints":{"allow":["GET"]}}],"collection":[{"href":"https:\/\/tvc16.com\/portal\/wp-json\/wp\/v2\/posts"}],"about":[{"href":"https:\/\/tvc16.com\/portal\/wp-json\/wp\/v2\/types\/post"}],"author":[{"embeddable":true,"href":"https:\/\/tvc16.com\/portal\/wp-json\/wp\/v2\/users\/2"}],"replies":[{"embeddable":true,"href":"https:\/\/tvc16.com\/portal\/wp-json\/wp\/v2\/comments?post=6847"}],"version-history":[{"count":1,"href":"https:\/\/tvc16.com\/portal\/wp-json\/wp\/v2\/posts\/6847\/revisions"}],"predecessor-version":[{"id":6849,"href":"https:\/\/tvc16.com\/portal\/wp-json\/wp\/v2\/posts\/6847\/revisions\/6849"}],"wp:featuredmedia":[{"embeddable":true,"href":"https:\/\/tvc16.com\/portal\/wp-json\/wp\/v2\/media\/6848"}],"wp:attachment":[{"href":"https:\/\/tvc16.com\/portal\/wp-json\/wp\/v2\/media?parent=6847"}],"wp:term":[{"taxonomy":"category","embeddable":true,"href":"https:\/\/tvc16.com\/portal\/wp-json\/wp\/v2\/categories?post=6847"},{"taxonomy":"post_tag","embeddable":true,"href":"https:\/\/tvc16.com\/portal\/wp-json\/wp\/v2\/tags?post=6847"}],"curies":[{"name":"wp","href":"https:\/\/api.w.org\/{rel}","templated":true}]}}