{"id":685,"date":"2020-09-18T12:08:31","date_gmt":"2020-09-18T12:08:31","guid":{"rendered":"https:\/\/tvc16.com\/portal\/?p=685"},"modified":"2020-09-18T12:08:31","modified_gmt":"2020-09-18T12:08:31","slug":"plenario-volta-a-adiar-projeto-que-usa-fust-para-financiar-internet-e-telefone","status":"publish","type":"post","link":"https:\/\/tvc16.com\/portal\/2020\/09\/18\/plenario-volta-a-adiar-projeto-que-usa-fust-para-financiar-internet-e-telefone\/","title":{"rendered":"Plen\u00e1rio volta a adiar projeto que usa Fust para financiar internet e telefone"},"content":{"rendered":"\n<p>O Plen\u00e1rio do Senado adiou, nesta quinta-feira (17), a vota\u00e7\u00e3o do projeto de lei que autoriza o uso de recursos do Fundo de Universaliza\u00e7\u00e3o dos Servi\u00e7os de Telecomunica\u00e7\u00f5es (Fust) para subsidiar o pagamento de contas de internet e telefone durante a pandemia da covid-19 (<a href=\"http:\/\/www25.senado.leg.br\/web\/atividade\/materias\/-\/materia\/141813\">PL 2.388\/2020<\/a>). O texto deve voltar \u00e0 pauta na pr\u00f3xima semana.<\/p>\n\n\n\n<p>O projeto j\u00e1 havia sido postergado na semana passada, a pedido do l\u00edder do governo no Senado, Fernando Bezerra Coelho (MDB-PE). A ideia era promover uma reuni\u00e3o entre os senadores e a equipe do Executivo para alinhar alguns pontos.<\/p>\n\n\n\n<p>No entanto, o relator da mat\u00e9ria, senador Izalci Lucas (PSDB-DF), relatou que a autora da proposta, senadora Daniella Ribeiro (PP-PB), precisou viajar para acompanhar um problema de sa\u00fade de seu pai. Com isso, a reuni\u00e3o n\u00e3o p\u00f4de ser realizada e Izalci pediu um novo adiamento.<\/p>\n\n\n\n<p>Tamb\u00e9m teve a vota\u00e7\u00e3o adiada o <a href=\"http:\/\/www25.senado.leg.br\/web\/atividade\/materias\/-\/materia\/140555\">PL 172\/2020<\/a>, projeto de lei que libera verbas do Fust para a amplia\u00e7\u00e3o da banda larga em escolas p\u00fablicas. A senadora Daniella Ribeiro \u00e9 a sua relatora.<\/p>\n\n\n\n<h3 class=\"wp-block-heading\"><strong>Acesso ao cr\u00e9dito<\/strong><\/h3>\n\n\n\n<p>Al\u00e9m dessas duas mat\u00e9rias, o Plen\u00e1rio adiou a vota\u00e7\u00e3o de mais dois projetos de lei. Um deles \u00e9 o <a href=\"http:\/\/www25.senado.leg.br\/web\/atividade\/materias\/-\/materia\/144669\">PL 4.558\/2020<\/a>, que facilita o acesso a cr\u00e9dito em bancos p\u00fablicos, dispensando a exig\u00eancia de uma s\u00e9rie de documentos para contrata\u00e7\u00e3o ou renegocia\u00e7\u00e3o de empr\u00e9stimos (esse texto \u00e9 inspirado na Medida Provis\u00f3ria <a href=\"http:\/\/www.congressonacional.leg.br\/materias\/medidas-provisorias\/-\/mpv\/141701\">958\/2020<\/a>, que <a href=\"http:\/\/www12.senado.leg.br\/noticias\/materias\/2020\/08\/24\/medida-provisoria-que-facilitava-creditos-em-bancos-publicos-perde-a-validade\">perdeu a validade em agosto<\/a>, e foi apresentado pelo senador Fernando Bezerra Coelho). O adiamento foi solicitado por Carlos F\u00e1varo, que pediu mais tempo para que seja poss\u00edvel a apresenta\u00e7\u00e3o de emendas.<\/p>\n\n\n\n<p>O outro projeto de lei que teve a vota\u00e7\u00e3o adiada \u00e9 o <a href=\"https:\/\/www25.senado.leg.br\/web\/atividade\/materias\/-\/materia\/111929\">PLC 8\/2013<\/a>, que trata de isen\u00e7\u00e3o de ped\u00e1gio em determinados casos. Quem pediu seu adiamento foi o senador Izalci Lucas.<\/p>\n\n\n\n<p>Fonte: Ag\u00eancia Senado<\/p>\n\n\n\n<p><\/p>\n","protected":false},"excerpt":{"rendered":"<p>O Plen\u00e1rio do Senado adiou, nesta quinta-feira (17), a vota\u00e7\u00e3o do projeto de lei que<\/p>\n","protected":false},"author":2,"featured_media":686,"comment_status":"open","ping_status":"open","sticky":false,"template":"","format":"standard","meta":{"footnotes":""},"categories":[15],"tags":[],"class_list":["post-685","post","type-post","status-publish","format-standard","has-post-thumbnail","hentry","category-politica"],"_links":{"self":[{"href":"https:\/\/tvc16.com\/portal\/wp-json\/wp\/v2\/posts\/685","targetHints":{"allow":["GET"]}}],"collection":[{"href":"https:\/\/tvc16.com\/portal\/wp-json\/wp\/v2\/posts"}],"about":[{"href":"https:\/\/tvc16.com\/portal\/wp-json\/wp\/v2\/types\/post"}],"author":[{"embeddable":true,"href":"https:\/\/tvc16.com\/portal\/wp-json\/wp\/v2\/users\/2"}],"replies":[{"embeddable":true,"href":"https:\/\/tvc16.com\/portal\/wp-json\/wp\/v2\/comments?post=685"}],"version-history":[{"count":1,"href":"https:\/\/tvc16.com\/portal\/wp-json\/wp\/v2\/posts\/685\/revisions"}],"predecessor-version":[{"id":687,"href":"https:\/\/tvc16.com\/portal\/wp-json\/wp\/v2\/posts\/685\/revisions\/687"}],"wp:featuredmedia":[{"embeddable":true,"href":"https:\/\/tvc16.com\/portal\/wp-json\/wp\/v2\/media\/686"}],"wp:attachment":[{"href":"https:\/\/tvc16.com\/portal\/wp-json\/wp\/v2\/media?parent=685"}],"wp:term":[{"taxonomy":"category","embeddable":true,"href":"https:\/\/tvc16.com\/portal\/wp-json\/wp\/v2\/categories?post=685"},{"taxonomy":"post_tag","embeddable":true,"href":"https:\/\/tvc16.com\/portal\/wp-json\/wp\/v2\/tags?post=685"}],"curies":[{"name":"wp","href":"https:\/\/api.w.org\/{rel}","templated":true}]}}