{"id":6850,"date":"2020-11-27T19:11:08","date_gmt":"2020-11-27T22:11:08","guid":{"rendered":"https:\/\/tvc16.com\/portal\/?p=6850"},"modified":"2020-11-27T19:11:10","modified_gmt":"2020-11-27T22:11:10","slug":"pessoas-com-deficiencia-tem-atendimento-exclusivo-da-secretaria-de-assistencia-social-de-nova-iguacu","status":"publish","type":"post","link":"https:\/\/tvc16.com\/portal\/2020\/11\/27\/pessoas-com-deficiencia-tem-atendimento-exclusivo-da-secretaria-de-assistencia-social-de-nova-iguacu\/","title":{"rendered":"Pessoas com defici\u00eancia t\u00eam atendimento exclusivo da Secretaria de Assist\u00eancia Social de Nova Igua\u00e7u"},"content":{"rendered":"\n<p>Pensando na parcela das pessoas inseridas no Cadastro \u00danico que t\u00eam algum tipo de defici\u00eancia, a Prefeitura de Nova Igua\u00e7u criou o N\u00facleo de Atendimento \u00e0 Pessoa com Defici\u00eancia (NAPD), que funciona no pr\u00e9dio da Secretaria Municipal de Assist\u00eancia Social (SEMAS). A exemplo do N\u00facleo de Atendimento ao Idoso (NAI), o NAPD tem como principal objetivo auxiliar os igua\u00e7uanos que t\u00eam direito ao Benef\u00edcio de Presta\u00e7\u00e3o Continuada (BPC) desde seu requerimento at\u00e9 a concess\u00e3o.<\/p>\n\n\n\n<p>Mais do que auxiliar na ades\u00e3o ao BPC, o NAPD tamb\u00e9m oferece orienta\u00e7\u00e3o e atendimento social, inclusive auxiliando os usu\u00e1rios do servi\u00e7o na busca por vagas de trabalho junto \u00e0s empresas que oferecem postos para este perfil. Para isto, o NADP conta com uma equipe composta por um assistente social, um cadastrador, uma auxiliar administrativa e uma estagi\u00e1ria, a gestora Daniella Chaves e o diretor Marcos Paulo Pereira.<\/p>\n\n\n\n<p>Segundo a secret\u00e1ria da SEMAS, Elaine Medeiros, a pessoa com defici\u00eancia que n\u00e3o estiver no Cadastro \u00danico pode se cadastrar no NADP. No n\u00facleo, a equipe verifica que outros tipos de atendimento o usu\u00e1rio pode necessitar e o encaminha ao Centros de Refer\u00eancia de Assist\u00eancia Social (CRAS) e Centro de Refer\u00eancia Especializado de Assist\u00eancia Social (CREAS) mais pr\u00f3ximo de sua resid\u00eancia. \u201cAl\u00e9m de um espa\u00e7o f\u00edsico para atendermos a demanda espont\u00e2nea, tamb\u00e9m faremos um trabalho de busca ativa por meio de visitas domiciliares, telefonemas e envio de cartas \u00e0s pessoas com defici\u00eancia que se enquadram no perfil do BPC\u201d, explica a secret\u00e1ria.<\/p>\n\n\n\n<p>T\u00eam direito ao BPC-Defici\u00eancia pessoas que apresentam impedimentos de longo prazo (m\u00ednimo de dois anos) de natureza f\u00edsica, mental, intelectual ou sensorial que impe\u00e7am a participa\u00e7\u00e3o plena e efetiva na sociedade em igualdade de condi\u00e7\u00f5es com as demais pessoas. Al\u00e9m disso, \u00e9 necess\u00e1rio que a pessoa tenha como renda per capita familiar o m\u00e1ximo de um quarto do valor do sal\u00e1rio m\u00ednimo, o que representa R$ 261,25. O valor do benef\u00edcio mensal pago pelo INSS \u00e9 de R$ 1.045.<\/p>\n","protected":false},"excerpt":{"rendered":"<p>Pensando na parcela das pessoas inseridas no Cadastro \u00danico que t\u00eam algum tipo de defici\u00eancia,<\/p>\n","protected":false},"author":2,"featured_media":6852,"comment_status":"open","ping_status":"open","sticky":false,"template":"","format":"standard","meta":{"footnotes":""},"categories":[17],"tags":[],"class_list":["post-6850","post","type-post","status-publish","format-standard","has-post-thumbnail","hentry","category-outras-noticias"],"_links":{"self":[{"href":"https:\/\/tvc16.com\/portal\/wp-json\/wp\/v2\/posts\/6850","targetHints":{"allow":["GET"]}}],"collection":[{"href":"https:\/\/tvc16.com\/portal\/wp-json\/wp\/v2\/posts"}],"about":[{"href":"https:\/\/tvc16.com\/portal\/wp-json\/wp\/v2\/types\/post"}],"author":[{"embeddable":true,"href":"https:\/\/tvc16.com\/portal\/wp-json\/wp\/v2\/users\/2"}],"replies":[{"embeddable":true,"href":"https:\/\/tvc16.com\/portal\/wp-json\/wp\/v2\/comments?post=6850"}],"version-history":[{"count":1,"href":"https:\/\/tvc16.com\/portal\/wp-json\/wp\/v2\/posts\/6850\/revisions"}],"predecessor-version":[{"id":6853,"href":"https:\/\/tvc16.com\/portal\/wp-json\/wp\/v2\/posts\/6850\/revisions\/6853"}],"wp:featuredmedia":[{"embeddable":true,"href":"https:\/\/tvc16.com\/portal\/wp-json\/wp\/v2\/media\/6852"}],"wp:attachment":[{"href":"https:\/\/tvc16.com\/portal\/wp-json\/wp\/v2\/media?parent=6850"}],"wp:term":[{"taxonomy":"category","embeddable":true,"href":"https:\/\/tvc16.com\/portal\/wp-json\/wp\/v2\/categories?post=6850"},{"taxonomy":"post_tag","embeddable":true,"href":"https:\/\/tvc16.com\/portal\/wp-json\/wp\/v2\/tags?post=6850"}],"curies":[{"name":"wp","href":"https:\/\/api.w.org\/{rel}","templated":true}]}}