{"id":6861,"date":"2020-11-27T19:45:13","date_gmt":"2020-11-27T22:45:13","guid":{"rendered":"https:\/\/tvc16.com\/portal\/?p=6861"},"modified":"2020-11-27T19:45:15","modified_gmt":"2020-11-27T22:45:15","slug":"inep-divulga-diretrizes-e-procedimentos-para-o-encceja-2020","status":"publish","type":"post","link":"https:\/\/tvc16.com\/portal\/2020\/11\/27\/inep-divulga-diretrizes-e-procedimentos-para-o-encceja-2020\/","title":{"rendered":"Inep divulga diretrizes e procedimentos para o Encceja 2020"},"content":{"rendered":"\n<p>Inscri\u00e7\u00f5es v\u00e3o de 11 a 22 de janeiro de 2021<\/p>\n\n\n\n<h4 class=\"wp-block-heading\">Por Andreia Verd\u00e9lio \u2013 Rep\u00f3rter da Ag\u00eancia Brasil &#8211; Bras\u00edlia<\/h4>\n\n\n\n<p>O Instituto Nacional de Estudos e Pesquisas Educacionais An\u00edsio Teixeira (Inep) divulgou as diretrizes, os procedimentos e os prazos do Exame Nacional para Certifica\u00e7\u00e3o de Compet\u00eancias de Jovens e Adultos (Encceja) 2020. A aplica\u00e7\u00e3o da prova para o ensino fundamental e m\u00e9dio ser\u00e1 no dia 25 de abril de 2021 e ocorrer\u00e1 em todos os estados e no Distrito Federal.<img decoding=\"async\" src=\"https:\/\/agenciabrasil.ebc.com.br\/ebc.png?id=1394709&amp;o=node\"><img decoding=\"async\" src=\"https:\/\/agenciabrasil.ebc.com.br\/ebc.gif?id=1394709&amp;o=node\"><\/p>\n\n\n\n<p>O edital foi publicado ontem (26) no&nbsp;<a href=\"http:\/\/download.inep.gov.br\/educacao_basica\/encceja\/legistacao\/nacional\/2020\/edital_n101_23112020.pdf\" target=\"_blank\" rel=\"noreferrer noopener\"><em>Di\u00e1rio Oficial da Uni\u00e3o<\/em><\/a>&nbsp;e tamb\u00e9m est\u00e1 dispon\u00edvel na p\u00e1gina do Inep. As inscri\u00e7\u00f5es come\u00e7am em 11 de janeiro de 2021 e v\u00e3o at\u00e9 o dia 22 do mesmo m\u00eas, por meio da p\u00e1gina do&nbsp;<a href=\"http:\/\/enccejanacional.inep.gov.br\/encceja\/#!\/inicial\" target=\"_blank\" rel=\"noreferrer noopener\">Encceja<\/a>. Durante o mesmo per\u00edodo, os atendimentos especializados e tratamento pelo nome social tamb\u00e9m poder\u00e3o ser solicitados.<\/p>\n\n\n\n<p>O Encceja \u00e9 destinado a jovens e adultos que n\u00e3o conclu\u00edram seus estudos na idade adequada para cada etapa de ensino, desde que tenham, no m\u00ednimo, 15 anos completos para o ensino fundamental e 18 anos completos no caso do ensino m\u00e9dio, na data de realiza\u00e7\u00e3o do exame. Para os adultos submetidos a penas privativas de liberdade e adolescentes sob medidas socioeducativas que incluam priva\u00e7\u00e3o de liberdade (Encceja PPL), o Inep divulgar\u00e1 datas espec\u00edficas e regras complementares.<\/p>\n\n\n\n<p>O exame \u00e9 constitu\u00eddo por quatro provas objetivas, por n\u00edvel de ensino, cada uma contendo 30 quest\u00f5es de m\u00faltipla escolha e uma proposta de reda\u00e7\u00e3o. O Inep \u00e9 o respons\u00e1vel pela realiza\u00e7\u00e3o do exame, que \u00e9 aplicado desde 2002, em colabora\u00e7\u00e3o com as secretarias estaduais e municipais de Educa\u00e7\u00e3o. J\u00e1 a emiss\u00e3o do certificado e da declara\u00e7\u00e3o de profici\u00eancia \u00e9 responsabilidade das secretarias de Educa\u00e7\u00e3o e dos institutos federais de Educa\u00e7\u00e3o, Ci\u00eancia e Tecnologia que firmam Termo de Ades\u00e3o ao Encceja.<\/p>\n\n\n\n<h2 class=\"wp-block-heading\">Justificativa de aus\u00eancia<\/h2>\n\n\n\n<p>De 14 a 20 de dezembro, os participantes dever\u00e3o justificar suas aus\u00eancias na edi\u00e7\u00e3o de 2019 do exame, se for o caso, para poder participar do Encceja 2020. O Inep destaca que a justificativa dos inscritos que n\u00e3o compareceram \u00e0 realiza\u00e7\u00e3o das provas do Encceja 2019 \u00e9 obrigat\u00f3ria para a inscri\u00e7\u00e3o da pr\u00f3xima edi\u00e7\u00e3o.<\/p>\n\n\n\n<p>Do mesmo modo, o participante que n\u00e3o comparecer \u00e0 aplica\u00e7\u00e3o das provas de todas as \u00e1reas do conhecimento em que se inscrever para a edi\u00e7\u00e3o de 2020 dever\u00e1 justificar a aus\u00eancia, se quiser fazer nova inscri\u00e7\u00e3o na edi\u00e7\u00e3o de 2021 do exame. Nesse caso, a justificativa de aus\u00eancia dever\u00e1 ser realizada de acordo com as regras estabelecidas no edital do Encceja 2021.<\/p>\n\n\n\n<p>Caso n\u00e3o justifique a aus\u00eancia na edi\u00e7\u00e3o anterior ou tenha a solicita\u00e7\u00e3o de justificativa reprovada, o inscrito dever\u00e1 ressarcir ao Inep o valor de R$ 40, por meio de GRU Cobran\u00e7a, que poder\u00e1 ser paga em qualquer banco, casa lot\u00e9rica ou ag\u00eancia dos Correios, de acordo com os crit\u00e9rios estabelecidos por esses correspondentes banc\u00e1rios.<\/p>\n\n\n\n<p>O resultado dos pedidos de justificativa ser\u00e3o divulgados em 28 de dezembro. O prazo para entrar com recurso, se for o caso, vai de 28 de dezembro a 4 de janeiro e o resultado final sai em 11 de janeiro.<\/p>\n\n\n\n<p>Edi\u00e7\u00e3o: Val\u00e9ria Aguiar<\/p>\n","protected":false},"excerpt":{"rendered":"<p>Inscri\u00e7\u00f5es v\u00e3o de 11 a 22 de janeiro de 2021 Por Andreia Verd\u00e9lio \u2013 Rep\u00f3rter<\/p>\n","protected":false},"author":2,"featured_media":6862,"comment_status":"open","ping_status":"open","sticky":false,"template":"","format":"standard","meta":{"footnotes":""},"categories":[19],"tags":[],"class_list":["post-6861","post","type-post","status-publish","format-standard","has-post-thumbnail","hentry","category-educacao"],"_links":{"self":[{"href":"https:\/\/tvc16.com\/portal\/wp-json\/wp\/v2\/posts\/6861","targetHints":{"allow":["GET"]}}],"collection":[{"href":"https:\/\/tvc16.com\/portal\/wp-json\/wp\/v2\/posts"}],"about":[{"href":"https:\/\/tvc16.com\/portal\/wp-json\/wp\/v2\/types\/post"}],"author":[{"embeddable":true,"href":"https:\/\/tvc16.com\/portal\/wp-json\/wp\/v2\/users\/2"}],"replies":[{"embeddable":true,"href":"https:\/\/tvc16.com\/portal\/wp-json\/wp\/v2\/comments?post=6861"}],"version-history":[{"count":1,"href":"https:\/\/tvc16.com\/portal\/wp-json\/wp\/v2\/posts\/6861\/revisions"}],"predecessor-version":[{"id":6863,"href":"https:\/\/tvc16.com\/portal\/wp-json\/wp\/v2\/posts\/6861\/revisions\/6863"}],"wp:featuredmedia":[{"embeddable":true,"href":"https:\/\/tvc16.com\/portal\/wp-json\/wp\/v2\/media\/6862"}],"wp:attachment":[{"href":"https:\/\/tvc16.com\/portal\/wp-json\/wp\/v2\/media?parent=6861"}],"wp:term":[{"taxonomy":"category","embeddable":true,"href":"https:\/\/tvc16.com\/portal\/wp-json\/wp\/v2\/categories?post=6861"},{"taxonomy":"post_tag","embeddable":true,"href":"https:\/\/tvc16.com\/portal\/wp-json\/wp\/v2\/tags?post=6861"}],"curies":[{"name":"wp","href":"https:\/\/api.w.org\/{rel}","templated":true}]}}