{"id":6868,"date":"2020-11-27T19:51:57","date_gmt":"2020-11-27T22:51:57","guid":{"rendered":"https:\/\/tvc16.com\/portal\/?p=6868"},"modified":"2020-11-27T19:51:59","modified_gmt":"2020-11-27T22:51:59","slug":"governador-em-exercicio-nomeia-gustavo-tutuca-para-o-turismo-e-dr-serginho-para-ciencia-e-tecnologia","status":"publish","type":"post","link":"https:\/\/tvc16.com\/portal\/2020\/11\/27\/governador-em-exercicio-nomeia-gustavo-tutuca-para-o-turismo-e-dr-serginho-para-ciencia-e-tecnologia\/","title":{"rendered":"Governador em exerc\u00edcio nomeia Gustavo Tutuca para o Turismo e Dr. Serginho para Ci\u00eancia e Tecnologia"},"content":{"rendered":"\n<p><em>Nomea\u00e7\u00f5es foram publicadas em Di\u00e1rio Oficial Extra desta sexta-feira (27\/11)<\/em><\/p>\n\n\n\n<p>O governador em exerc\u00edcio Cl\u00e1udio Castro nomeou Gustavo Tutuca para o cargo de secret\u00e1rio de Turismo e Dr. Serginho como novo secret\u00e1rio de Ci\u00eancia, Tecnologia e Inova\u00e7\u00e3o. Os deputados assumem as pastas nos lugares de Adriana Homem de Carvalho e Maria Isabel de Castro de Souza, respectivamente. As nomea\u00e7\u00f5es foram publicadas em Di\u00e1rio Oficial extra desta sexta-feira (27\/11).<\/p>\n\n\n\n<p>&#8211; A retomada do turismo consciente e seguro durante a pandemia que enfrentamos ser\u00e1 o grande desafio de Gustavo Tutuca \u00e0 frente da secretaria. Vamos fomentar cada vez mais essa voca\u00e7\u00e3o do Estado do Rio de Janeiro, gerando emprego, renda e desenvolvimento econ\u00f4mico. Dr. Serginho ter\u00e1 a tarefa de coordenar a\u00e7\u00f5es importantes de estado, como o investimento em pesquisa, a forma\u00e7\u00e3o de nossos jovens, tanto na Faetec como nas universidades estaduais, e o nosso ensino a dist\u00e2ncia, que ganhou um destaque ainda maior neste momento de pandemia. Confio em ambos para as miss\u00f5es. Aproveito para tamb\u00e9m agradecer o trabalho importante que Adriana Homem de Carvalho e Maria Isabel de Castro de Souza desempenharam enquanto estiveram no comando das secretarias &#8211; ressaltou o governador.<\/p>\n\n\n\n<p><strong>Perfil dos secret\u00e1rios<\/strong><\/p>\n\n\n\n<p>Formado em An\u00e1lise de Sistemas, Gustavo Tutuca iniciou a carreira pol\u00edtica como secret\u00e1rio municipal de Governo e Esporte na Prefeitura de Pira\u00ed de 2005 a 2010. Foi eleito deputado estadual em 2010, 2014 e 2018. Tutuca tamb\u00e9m j\u00e1 foi secret\u00e1rio de Estado de Ci\u00eancia, Tecnologia, Inova\u00e7\u00e3o e Desenvolvimento Social em 2013, 2015 e 2017.<\/p>\n\n\n\n<figure class=\"wp-block-image size-large\"><img loading=\"lazy\" decoding=\"async\" width=\"682\" height=\"1024\" src=\"https:\/\/tvc16.com\/portal\/wp-content\/uploads\/2020\/11\/Gustavo-Tutuca-Carlos-Magno-Governo-do-Estado-682x1024.jpeg\" alt=\"\" class=\"wp-image-6869\" srcset=\"https:\/\/tvc16.com\/portal\/wp-content\/uploads\/2020\/11\/Gustavo-Tutuca-Carlos-Magno-Governo-do-Estado-682x1024.jpeg 682w, https:\/\/tvc16.com\/portal\/wp-content\/uploads\/2020\/11\/Gustavo-Tutuca-Carlos-Magno-Governo-do-Estado-200x300.jpeg 200w, https:\/\/tvc16.com\/portal\/wp-content\/uploads\/2020\/11\/Gustavo-Tutuca-Carlos-Magno-Governo-do-Estado-768x1152.jpeg 768w, https:\/\/tvc16.com\/portal\/wp-content\/uploads\/2020\/11\/Gustavo-Tutuca-Carlos-Magno-Governo-do-Estado.jpeg 853w\" sizes=\"auto, (max-width: 682px) 100vw, 682px\" \/><\/figure>\n\n\n\n<p>Advogado com experi\u00eancia em administra\u00e7\u00e3o p\u00fablica, Dr. Serginho foi procurador-geral em munic\u00edpios da Regi\u00e3o das Baixadas Litor\u00e2neas (Cabo Frio, Arraial do Cabo e Arma\u00e7\u00e3o dos B\u00fazios) antes de se eleger deputado estadual. Foi membro da Comiss\u00e3o &#8216;OAB vai \u00e0 Escola&#8217;, pela qual palestrou em muitas escolas p\u00fablicas da regi\u00e3o.<\/p>\n","protected":false},"excerpt":{"rendered":"<p>Nomea\u00e7\u00f5es foram publicadas em Di\u00e1rio Oficial Extra desta sexta-feira (27\/11) O governador em exerc\u00edcio Cl\u00e1udio<\/p>\n","protected":false},"author":2,"featured_media":6870,"comment_status":"open","ping_status":"open","sticky":false,"template":"","format":"standard","meta":{"footnotes":""},"categories":[15],"tags":[],"class_list":["post-6868","post","type-post","status-publish","format-standard","has-post-thumbnail","hentry","category-politica"],"_links":{"self":[{"href":"https:\/\/tvc16.com\/portal\/wp-json\/wp\/v2\/posts\/6868","targetHints":{"allow":["GET"]}}],"collection":[{"href":"https:\/\/tvc16.com\/portal\/wp-json\/wp\/v2\/posts"}],"about":[{"href":"https:\/\/tvc16.com\/portal\/wp-json\/wp\/v2\/types\/post"}],"author":[{"embeddable":true,"href":"https:\/\/tvc16.com\/portal\/wp-json\/wp\/v2\/users\/2"}],"replies":[{"embeddable":true,"href":"https:\/\/tvc16.com\/portal\/wp-json\/wp\/v2\/comments?post=6868"}],"version-history":[{"count":1,"href":"https:\/\/tvc16.com\/portal\/wp-json\/wp\/v2\/posts\/6868\/revisions"}],"predecessor-version":[{"id":6871,"href":"https:\/\/tvc16.com\/portal\/wp-json\/wp\/v2\/posts\/6868\/revisions\/6871"}],"wp:featuredmedia":[{"embeddable":true,"href":"https:\/\/tvc16.com\/portal\/wp-json\/wp\/v2\/media\/6870"}],"wp:attachment":[{"href":"https:\/\/tvc16.com\/portal\/wp-json\/wp\/v2\/media?parent=6868"}],"wp:term":[{"taxonomy":"category","embeddable":true,"href":"https:\/\/tvc16.com\/portal\/wp-json\/wp\/v2\/categories?post=6868"},{"taxonomy":"post_tag","embeddable":true,"href":"https:\/\/tvc16.com\/portal\/wp-json\/wp\/v2\/tags?post=6868"}],"curies":[{"name":"wp","href":"https:\/\/api.w.org\/{rel}","templated":true}]}}