{"id":6872,"date":"2020-11-27T19:53:53","date_gmt":"2020-11-27T22:53:53","guid":{"rendered":"https:\/\/tvc16.com\/portal\/?p=6872"},"modified":"2020-11-27T19:53:55","modified_gmt":"2020-11-27T22:53:55","slug":"ministerio-cria-comite-gestor-de-protecao-de-dados-pessoais","status":"publish","type":"post","link":"https:\/\/tvc16.com\/portal\/2020\/11\/27\/ministerio-cria-comite-gestor-de-protecao-de-dados-pessoais\/","title":{"rendered":"Minist\u00e9rio cria Comit\u00ea Gestor de Prote\u00e7\u00e3o de Dados Pessoais"},"content":{"rendered":"\n<p>Objetivo \u00e9 discutir atua\u00e7\u00e3o da pasta em rela\u00e7\u00e3o \u00e0 LGPD<\/p>\n\n\n\n<h4 class=\"wp-block-heading\">Por Ag\u00eancia Brasil &#8211; Bras\u00edlia<\/h4>\n\n\n\n<p>O Minist\u00e9rio das Comunica\u00e7\u00f5es anunciou a cria\u00e7\u00e3o do Comit\u00ea Gestor de Prote\u00e7\u00e3o de Dados Pessoais. Esse comit\u00ea vai discutir a atua\u00e7\u00e3o do minist\u00e9rio em rela\u00e7\u00e3o \u00e0&nbsp;<a href=\"http:\/\/www.planalto.gov.br\/ccivil_03\/_ato2015-2018\/2018\/lei\/L13709.htm\" target=\"_blank\" rel=\"noreferrer noopener\">Lei Geral de Prote\u00e7\u00e3o de Dados Pessoais<\/a>&nbsp;(LGPD). A&nbsp;<a href=\"https:\/\/agenciabrasil.ebc.com.br\/geral\/noticia\/2020-09\/entenda-o-que-muda-com-a-lei-geral-de-protecao-de-dados\" target=\"_blank\" rel=\"noreferrer noopener\">lei entrou em vigor<\/a>&nbsp;em setembro&nbsp;no Brasil e define limites e condi\u00e7\u00f5es para coleta, guarda e tratamento de informa\u00e7\u00f5es pessoais.<img decoding=\"async\" src=\"https:\/\/agenciabrasil.ebc.com.br\/ebc.png?id=1394671&amp;o=node\"><img decoding=\"async\" src=\"https:\/\/agenciabrasil.ebc.com.br\/ebc.gif?id=1394671&amp;o=node\"><\/p>\n\n\n\n<p>A LGPD (Lei N\u00ba 13.709) disciplina um conjunto de aspectos: define categorias de dados, circunscreve para quem valem seus ditames, fixa as hip\u00f3teses de coleta e tratamento de dados, traz os direitos dos titulares de dados, detalha condi\u00e7\u00f5es especiais para dados sens\u00edveis e segmentos (como crian\u00e7as), estabelece obriga\u00e7\u00f5es \u00e0s empresas, institui um regime diferenciado para o Poder P\u00fablico, coloca san\u00e7\u00f5es em caso de viola\u00e7\u00f5es e prev\u00ea a cria\u00e7\u00e3o de uma autoridade nacional.<\/p>\n\n\n\n<p>O comit\u00ea gestor discutir\u00e1 a atua\u00e7\u00e3o do minist\u00e9rio no atendimento \u00e0 lei. Esse grupo dever\u00e1 elaborar, em 30 dias, um programa de governan\u00e7a em privacidade, que contemple a\u00e7\u00f5es como o treinamento e conscientiza\u00e7\u00e3o das equipes do minist\u00e9rio e a defini\u00e7\u00e3o de estrat\u00e9gias e diretrizes para as atividades do setor que atuar\u00e1 com a prote\u00e7\u00e3o de dados.<\/p>\n\n\n\n<p>A primeira reuni\u00e3o do grupo est\u00e1 marcada para 4 de dezembro. Os membros poder\u00e3o convidar representantes de outros \u00f3rg\u00e3os da administra\u00e7\u00e3o p\u00fablica federal, estadual ou municipal, de entidades privadas, de organiza\u00e7\u00f5es da sociedade civil e de organismos internacionais para participar de reuni\u00f5es com o prop\u00f3sito de contribuir para a execu\u00e7\u00e3o dos trabalhos.<\/p>\n\n\n\n<p>Edi\u00e7\u00e3o: F\u00e1bio Massalli<\/p>\n","protected":false},"excerpt":{"rendered":"<p>Objetivo \u00e9 discutir atua\u00e7\u00e3o da pasta em rela\u00e7\u00e3o \u00e0 LGPD Por Ag\u00eancia Brasil &#8211; Bras\u00edlia<\/p>\n","protected":false},"author":2,"featured_media":6873,"comment_status":"open","ping_status":"open","sticky":false,"template":"","format":"standard","meta":{"footnotes":""},"categories":[15],"tags":[],"class_list":["post-6872","post","type-post","status-publish","format-standard","has-post-thumbnail","hentry","category-politica"],"_links":{"self":[{"href":"https:\/\/tvc16.com\/portal\/wp-json\/wp\/v2\/posts\/6872","targetHints":{"allow":["GET"]}}],"collection":[{"href":"https:\/\/tvc16.com\/portal\/wp-json\/wp\/v2\/posts"}],"about":[{"href":"https:\/\/tvc16.com\/portal\/wp-json\/wp\/v2\/types\/post"}],"author":[{"embeddable":true,"href":"https:\/\/tvc16.com\/portal\/wp-json\/wp\/v2\/users\/2"}],"replies":[{"embeddable":true,"href":"https:\/\/tvc16.com\/portal\/wp-json\/wp\/v2\/comments?post=6872"}],"version-history":[{"count":1,"href":"https:\/\/tvc16.com\/portal\/wp-json\/wp\/v2\/posts\/6872\/revisions"}],"predecessor-version":[{"id":6874,"href":"https:\/\/tvc16.com\/portal\/wp-json\/wp\/v2\/posts\/6872\/revisions\/6874"}],"wp:featuredmedia":[{"embeddable":true,"href":"https:\/\/tvc16.com\/portal\/wp-json\/wp\/v2\/media\/6873"}],"wp:attachment":[{"href":"https:\/\/tvc16.com\/portal\/wp-json\/wp\/v2\/media?parent=6872"}],"wp:term":[{"taxonomy":"category","embeddable":true,"href":"https:\/\/tvc16.com\/portal\/wp-json\/wp\/v2\/categories?post=6872"},{"taxonomy":"post_tag","embeddable":true,"href":"https:\/\/tvc16.com\/portal\/wp-json\/wp\/v2\/tags?post=6872"}],"curies":[{"name":"wp","href":"https:\/\/api.w.org\/{rel}","templated":true}]}}