{"id":6875,"date":"2020-11-27T19:55:29","date_gmt":"2020-11-27T22:55:29","guid":{"rendered":"https:\/\/tvc16.com\/portal\/?p=6875"},"modified":"2020-11-27T19:55:31","modified_gmt":"2020-11-27T22:55:31","slug":"ministerio-da-saude-divulga-informacoes-sobre-o-combate-a-covid-19","status":"publish","type":"post","link":"https:\/\/tvc16.com\/portal\/2020\/11\/27\/ministerio-da-saude-divulga-informacoes-sobre-o-combate-a-covid-19\/","title":{"rendered":"Minist\u00e9rio da Sa\u00fade divulga informa\u00e7\u00f5es sobre o combate \u00e0 covid-19"},"content":{"rendered":"\n<p>Brasil soma 6,2 milh\u00f5es de casos acumulados de covid-19<\/p>\n\n\n\n<h4 class=\"wp-block-heading\">Por Ag\u00eancia Brasil &#8211; Bras\u00edlia<\/h4>\n\n\n\n<p>Neste momento, Elcio Franco,\u00a0secret\u00e1rio executivo,\u00a0H\u00e9lio Angotti Neto,\u00a0secret\u00e1rio de Ci\u00eancia, Tecnologia, Inova\u00e7\u00e3o e Insumos Estrat\u00e9gicos e\u00a0Francieli Fontana,\u00a0coordenadora do Programa Nacional de Imuniza\u00e7\u00f5es (PNI) do Minist\u00e9rio da Sa\u00fade,\u00a0participam de entrevista\u00a0<em>online<\/em>\u00a0para atualizar o balan\u00e7o de entrega de medicamentos e insumos estrat\u00e9gicos para o combate \u00e0 covid-19.\u00a0<img decoding=\"async\" src=\"https:\/\/agenciabrasil.ebc.com.br\/ebc.png?id=1394750&amp;o=node\"><img decoding=\"async\" src=\"https:\/\/agenciabrasil.ebc.com.br\/ebc.gif?id=1394750&amp;o=node\"><\/p>\n\n\n\n<h2 class=\"wp-block-heading\">Fiocruz: aumento de casos e \u00f3bitos de covid-19 deve servir de alerta<\/h2>\n\n\n\n<p>O aumento de casos e \u00f3bitos de covid-19 no Brasil entre 8 e 21 de novembro ainda n\u00e3o pode ser chamado de segunda onda, mas deve servir de alerta para refor\u00e7ar o sistema de sa\u00fade, avalia o Boletim Observat\u00f3rio Covid-19 da Funda\u00e7\u00e3o Oswaldo Cruz (Fiocruz), que foi atualizado ontem (26) com os dados das semanas epidemiol\u00f3gicas 46 e 47. O texto pede aten\u00e7\u00e3o na an\u00e1lise dos dados, j\u00e1 que as semanas estudadas sucedem um per\u00edodo em que houve defasagem nos registros, no contexto dos ataques cibern\u00e9ticos sofridos por \u00f3rg\u00e3os federais.<\/p>\n\n\n\n<p>&#8220;Ainda n\u00e3o se pode afirmar que o Brasil vive uma segunda onda da pandemia, mas a invers\u00e3o da tend\u00eancia de redu\u00e7\u00e3o desses indicadores [de casos e \u00f3bitos] deve servir como alerta para todo o sistema de sa\u00fade, no sentido de refor\u00e7ar a infraestrutura hospitalar e intensificar a\u00e7\u00f5es de aten\u00e7\u00e3o prim\u00e1ria integrada \u00e0 vigil\u00e2ncia&#8221;, afirma o boletim, que reitera a import\u00e2ncia de combinar o distanciamento social \u00e0 realiza\u00e7\u00e3o de testes para a identifica\u00e7\u00e3o ativa de casos e contatos, com isolamento dos casos e quarentena dos contatos.&nbsp;<a href=\"https:\/\/agenciabrasil.ebc.com.br\/saude\/noticia\/2020-11\/fiocruz-aumento-de-casos-e-obitos-de-covid-19-deve-servir-de-alerta\" target=\"_blank\" rel=\"noreferrer noopener\">Leia mais&nbsp;<\/a><\/p>\n\n\n\n<h2 class=\"wp-block-heading\">Minist\u00e9rio da Sa\u00fade anuncia recursos para leitos e programa de imuniza\u00e7\u00e3o<\/h2>\n\n\n\n<p>O ministro da Sa\u00fade, Eduardo Pazuello, anunciou hoje (26) que recursos remanescentes para o enfrentamento da pandemia de covid-19 ser\u00e3o aplicados em leitos e no programa de imuniza\u00e7\u00e3o.&nbsp;<\/p>\n\n\n\n<p>O titular do Minist\u00e9rio da Sa\u00fade informou que se reuniu com&nbsp;o Conselho Nacional de Secret\u00e1rios de Sa\u00fade (Conass) e o Conselho Nacional de Secretarias Municipais de Sa\u00fade (Conasems) para discutir a aplica\u00e7\u00e3o dos recursos remanescentes na pasta para a\u00e7\u00f5es relacionadas \u00e0 pandemia, montante na casa dos R$ 6 bilh\u00f5es.<\/p>\n\n\n\n<p>O valor dever\u00e1 ser&nbsp;investido em leitos de Unidades de Terapia Intensiva (UTIs), por meio de repasse a estados e munic\u00edpios com vistas a manter leitos abertos, adiantando recursos de custeio de parte da estrutura que seriam repassados em 2021.&nbsp;<a href=\"https:\/\/agenciabrasil.ebc.com.br\/saude\/noticia\/2020-11\/covid-19-saude-anuncia-recursos-para-leitos-e-programa-de-imunizacao\" target=\"_blank\" rel=\"noreferrer noopener\">Leia mais&nbsp;<\/a><\/p>\n\n\n\n<h2 class=\"wp-block-heading\">Pacientes mortos pela covid desenvolveram fibrose pulmonar<\/h2>\n\n\n\n<p>Estudo realizado por professores da Escola de Medicina da Pontif\u00edcia Universidade Cat\u00f3lica do Paran\u00e1 (PUCPR) comprovou que pacientes que morreram em decorr\u00eancia do novo coronav\u00edrus (covid-19) desenvolveram fibrose nos pulm\u00f5es. O estudo apurou tamb\u00e9m que os pacientes que se recuperarem e sobreviverem \u00e0 covid-19 provavelmente v\u00e3o ter essa sequela pulmonar.&nbsp;<\/p>\n\n\n\n<p>\u201cA pessoa vai ter alta, mas o pulm\u00e3o vai ficar com essa fibrose. Isso n\u00e3o volta atr\u00e1s. Vai ficar com um pouco de sequela e a sequela vai ser tanto maior quanto mais grave for a doen\u00e7a\u201d, disse hoje (26) \u00e0&nbsp;Ag\u00eancia Brasil&nbsp;a professora da PUCPR Lucia de Noronha, que participou do projeto.&nbsp;<a href=\"https:\/\/agenciabrasil.ebc.com.br\/saude\/noticia\/2020-11\/pacientes-mortos-pela-covid-desenvolveram-fibrose-pulmonar\" target=\"_blank\" rel=\"noreferrer noopener\">Leia mais&nbsp;<\/a><\/p>\n\n\n\n<p>Edi\u00e7\u00e3o: Liliane Farias<\/p>\n","protected":false},"excerpt":{"rendered":"<p>Brasil soma 6,2 milh\u00f5es de casos acumulados de covid-19 Por Ag\u00eancia Brasil &#8211; Bras\u00edlia Neste<\/p>\n","protected":false},"author":2,"featured_media":6876,"comment_status":"open","ping_status":"open","sticky":false,"template":"","format":"standard","meta":{"footnotes":""},"categories":[13],"tags":[],"class_list":["post-6875","post","type-post","status-publish","format-standard","has-post-thumbnail","hentry","category-saude"],"_links":{"self":[{"href":"https:\/\/tvc16.com\/portal\/wp-json\/wp\/v2\/posts\/6875","targetHints":{"allow":["GET"]}}],"collection":[{"href":"https:\/\/tvc16.com\/portal\/wp-json\/wp\/v2\/posts"}],"about":[{"href":"https:\/\/tvc16.com\/portal\/wp-json\/wp\/v2\/types\/post"}],"author":[{"embeddable":true,"href":"https:\/\/tvc16.com\/portal\/wp-json\/wp\/v2\/users\/2"}],"replies":[{"embeddable":true,"href":"https:\/\/tvc16.com\/portal\/wp-json\/wp\/v2\/comments?post=6875"}],"version-history":[{"count":1,"href":"https:\/\/tvc16.com\/portal\/wp-json\/wp\/v2\/posts\/6875\/revisions"}],"predecessor-version":[{"id":6877,"href":"https:\/\/tvc16.com\/portal\/wp-json\/wp\/v2\/posts\/6875\/revisions\/6877"}],"wp:featuredmedia":[{"embeddable":true,"href":"https:\/\/tvc16.com\/portal\/wp-json\/wp\/v2\/media\/6876"}],"wp:attachment":[{"href":"https:\/\/tvc16.com\/portal\/wp-json\/wp\/v2\/media?parent=6875"}],"wp:term":[{"taxonomy":"category","embeddable":true,"href":"https:\/\/tvc16.com\/portal\/wp-json\/wp\/v2\/categories?post=6875"},{"taxonomy":"post_tag","embeddable":true,"href":"https:\/\/tvc16.com\/portal\/wp-json\/wp\/v2\/tags?post=6875"}],"curies":[{"name":"wp","href":"https:\/\/api.w.org\/{rel}","templated":true}]}}