{"id":6878,"date":"2020-11-27T20:02:25","date_gmt":"2020-11-27T23:02:25","guid":{"rendered":"https:\/\/tvc16.com\/portal\/?p=6878"},"modified":"2020-11-27T20:02:27","modified_gmt":"2020-11-27T23:02:27","slug":"brexit-negociacoes-vao-ser-retomadas-em-londres","status":"publish","type":"post","link":"https:\/\/tvc16.com\/portal\/2020\/11\/27\/brexit-negociacoes-vao-ser-retomadas-em-londres\/","title":{"rendered":"Brexit: negocia\u00e7\u00f5es v\u00e3o ser retomadas em Londres"},"content":{"rendered":"\n<p>Negocia\u00e7\u00f5es foram suspensas devido a caso de covid no grupo<\/p>\n\n\n\n<h4 class=\"wp-block-heading\">Por RTP &#8211; Londres<\/h4>\n\n\n\n<p>O negociador-chefe da Uni\u00e3o Europeia (UE) para o Brexit, Michel Barnier, anunciou que as negocia\u00e7\u00f5es ser\u00e3o retomadas presencialmente hoje (27) em Londres, ap\u00f3s sua suspens\u00e3o em 19 de novembro devido a um caso de covid-19 na equipe.<img decoding=\"async\" src=\"https:\/\/agenciabrasil.ebc.com.br\/ebc.png?id=1394693&amp;o=node\"><img decoding=\"async\" src=\"https:\/\/agenciabrasil.ebc.com.br\/ebc.gif?id=1394693&amp;o=node\"><\/p>\n\n\n\n<p>&#8220;Em sintonia com as regras belgas, eu e minha equipe&nbsp;j\u00e1 n\u00e3o estamos em quarentena. As negocia\u00e7\u00f5es f\u00edsicas podem continuar&#8221;, escreveu Michel Barnier em sua conta no Twitter.<\/p>\n\n\n\n<p>Antes de se deslocar a Londres, o negociador vai&nbsp;informar aos Estados-Membros e ao Parlamento Europeu (PE) o estado das negocia\u00e7\u00f5es, real\u00e7ando, no entanto, que as &#8220;mesmas diverg\u00eancias significativas persistem&#8221;.<\/p>\n\n\n\n<p>&#8220;Viajarei para Londres para continuar as negocia\u00e7\u00f5es entre o Reino Unido e a Uni\u00e3o Europeia (UE) com David Frost [negociador-chefe brit\u00e2nico] e sua equipe&#8221;, disse&nbsp;Barnier na mensagem.<\/p>\n\n\n\n<p>As negocia\u00e7\u00f5es para um acordo p\u00f3s-Brexit&nbsp;tinham passado para o formato virtual na semana passada, ap\u00f3s um membro do grupo de Michel Barnier ter testado positivo para o novo coronav\u00edrus.<\/p>\n\n\n\n<p>&#8220;Um dos negociadores da minha equipe&nbsp;testou positivo para a covid-19 e decidi, juntamente com David Frost, suspender as negocia\u00e7\u00f5es ao nosso n\u00edvel por um curto per\u00edodo de tempo&#8221;, escreveu&nbsp;Michel Barnier.<\/p>\n\n\n\n<p>Os dois lados querem concluir, at\u00e9 o fim&nbsp;do ano, um acordo de com\u00e9rcio p\u00f3s-Brexit&nbsp;que possa entrar em vigor em 2021, quando acaba&nbsp;o per\u00edodo de transi\u00e7\u00e3o que mant\u00e9m o acesso do Reino Unido ao mercado \u00fanico europeu.<\/p>\n\n\n\n<p>O Reino Unido saiu da UE em 31 de janeiro e se beneficia de um per\u00edodo de transi\u00e7\u00e3o que mant\u00e9m o acesso ao mercado \u00fanico e \u00e0 uni\u00e3o aduaneira do bloco europeu at\u00e9 o fim&nbsp;deste ano.<\/p>\n\n\n\n<p>Caso n\u00e3o consigam chegar a um pacto bilateral, a partir de 1\u00ba&nbsp;de janeiro de 2021&nbsp;o Reino Unido e a UE passar\u00e3o a negociar com base nas regulamenta\u00e7\u00f5es gen\u00e9ricas menos vantajosas da Organiza\u00e7\u00e3o Mundial do Com\u00e9rcio (OMC).<\/p>\n","protected":false},"excerpt":{"rendered":"<p>Negocia\u00e7\u00f5es foram suspensas devido a caso de covid no grupo Por RTP &#8211; Londres O<\/p>\n","protected":false},"author":2,"featured_media":6879,"comment_status":"open","ping_status":"open","sticky":false,"template":"","format":"standard","meta":{"footnotes":""},"categories":[22],"tags":[],"class_list":["post-6878","post","type-post","status-publish","format-standard","has-post-thumbnail","hentry","category-internacional"],"_links":{"self":[{"href":"https:\/\/tvc16.com\/portal\/wp-json\/wp\/v2\/posts\/6878","targetHints":{"allow":["GET"]}}],"collection":[{"href":"https:\/\/tvc16.com\/portal\/wp-json\/wp\/v2\/posts"}],"about":[{"href":"https:\/\/tvc16.com\/portal\/wp-json\/wp\/v2\/types\/post"}],"author":[{"embeddable":true,"href":"https:\/\/tvc16.com\/portal\/wp-json\/wp\/v2\/users\/2"}],"replies":[{"embeddable":true,"href":"https:\/\/tvc16.com\/portal\/wp-json\/wp\/v2\/comments?post=6878"}],"version-history":[{"count":1,"href":"https:\/\/tvc16.com\/portal\/wp-json\/wp\/v2\/posts\/6878\/revisions"}],"predecessor-version":[{"id":6880,"href":"https:\/\/tvc16.com\/portal\/wp-json\/wp\/v2\/posts\/6878\/revisions\/6880"}],"wp:featuredmedia":[{"embeddable":true,"href":"https:\/\/tvc16.com\/portal\/wp-json\/wp\/v2\/media\/6879"}],"wp:attachment":[{"href":"https:\/\/tvc16.com\/portal\/wp-json\/wp\/v2\/media?parent=6878"}],"wp:term":[{"taxonomy":"category","embeddable":true,"href":"https:\/\/tvc16.com\/portal\/wp-json\/wp\/v2\/categories?post=6878"},{"taxonomy":"post_tag","embeddable":true,"href":"https:\/\/tvc16.com\/portal\/wp-json\/wp\/v2\/tags?post=6878"}],"curies":[{"name":"wp","href":"https:\/\/api.w.org\/{rel}","templated":true}]}}