{"id":688,"date":"2020-09-18T12:10:07","date_gmt":"2020-09-18T12:10:07","guid":{"rendered":"https:\/\/tvc16.com\/portal\/?p=688"},"modified":"2020-09-18T12:10:07","modified_gmt":"2020-09-18T12:10:07","slug":"favaro-defende-ampliacao-de-comissao-que-acompanhara-queimadas-no-pantanal","status":"publish","type":"post","link":"https:\/\/tvc16.com\/portal\/2020\/09\/18\/favaro-defende-ampliacao-de-comissao-que-acompanhara-queimadas-no-pantanal\/","title":{"rendered":"F\u00e1varo defende amplia\u00e7\u00e3o de comiss\u00e3o que acompanhar\u00e1 queimadas no Pantanal"},"content":{"rendered":"\n<p>Ao avaliar a sess\u00e3o de Plen\u00e1rio desta quinta-feira (17), o\u00a0senador Carlos F\u00e1varo (PSD-MT) disse que o <a href=\"https:\/\/www12.senado.leg.br\/noticias\/materias\/2020\/09\/17\/senado-define-membros-suplentes-da-comissao-do-pantanal\">requerimento aprovado<\/a> ampliando a comiss\u00e3o externa para acompanhar as queimadas no Pantanal \u00e9 extremamente necess\u00e1rio diante da gravidade da situa\u00e7\u00e3o. O parlamentar, que \u00e9 de Mato Grosso, disse que &#8220;a alma brasileira est\u00e1 queimando&#8221; junto com o bioma do Centro-Oeste.\u00a0\u00a0<\/p>\n\n\n\n<p>\u2014 Instalamos a comiss\u00e3o especial ontem para procurar medidas para conter essa queimada e tamb\u00e9m para buscar a\u00e7\u00f5es preventivas para que isso n\u00e3o volte a ocorrer nos pr\u00f3ximos anos. Por isso, vamos incluir quatro senadores suplentes para trabalharmos muito a fim de darmos as respostas que o povo brasileiro e o mundo quer no combate aos inc\u00eandios florestais \u2014 informou.&nbsp;<\/p>\n\n\n\n<p>Indagado sobre a atua\u00e7\u00e3o do governo federal diante do problema, o senador lembrou que ministros j\u00e1 foram enviados ao Mato Groso e ao Mato Grosso do Sul, pelo presidente Jair Bolsonaro, e est\u00e3o tomando provid\u00eancias.&nbsp;<\/p>\n\n\n\n<p>\u2014 H\u00e1 um movimento de todos os brasileiros e de todos os poderes para que possamos minimizar os impactos t\u00e3o dolorosos desses inc\u00eandios \u2014 afirmou.&nbsp;<\/p>\n\n\n\n<p>O senador Carlos F\u00e1varo presidiu parte da sess\u00e3o desta quinta-feira, juntamente com Nelsinho Trad (PSD-MS).&nbsp;<\/p>\n\n\n\n<p>\u2014 Essa sess\u00e3o foi muito merit\u00f3ria, e aprovamos projetos importantes, pol\u00edticas p\u00fablicas que v\u00e3o auxiliar no combate a essa pandemia de covid-19. Tenho certeza de que o Senado mostra-se mais uma vez preocupando e dando as repostas que os brasileiros precisam neste momento.&nbsp;<\/p>\n\n\n\n<p>Fonte: Ag\u00eancia Senado<\/p>\n","protected":false},"excerpt":{"rendered":"<p>Ao avaliar a sess\u00e3o de Plen\u00e1rio desta quinta-feira (17), o\u00a0senador Carlos F\u00e1varo (PSD-MT) disse que<\/p>\n","protected":false},"author":2,"featured_media":689,"comment_status":"open","ping_status":"open","sticky":false,"template":"","format":"standard","meta":{"footnotes":""},"categories":[15],"tags":[],"class_list":["post-688","post","type-post","status-publish","format-standard","has-post-thumbnail","hentry","category-politica"],"_links":{"self":[{"href":"https:\/\/tvc16.com\/portal\/wp-json\/wp\/v2\/posts\/688","targetHints":{"allow":["GET"]}}],"collection":[{"href":"https:\/\/tvc16.com\/portal\/wp-json\/wp\/v2\/posts"}],"about":[{"href":"https:\/\/tvc16.com\/portal\/wp-json\/wp\/v2\/types\/post"}],"author":[{"embeddable":true,"href":"https:\/\/tvc16.com\/portal\/wp-json\/wp\/v2\/users\/2"}],"replies":[{"embeddable":true,"href":"https:\/\/tvc16.com\/portal\/wp-json\/wp\/v2\/comments?post=688"}],"version-history":[{"count":1,"href":"https:\/\/tvc16.com\/portal\/wp-json\/wp\/v2\/posts\/688\/revisions"}],"predecessor-version":[{"id":690,"href":"https:\/\/tvc16.com\/portal\/wp-json\/wp\/v2\/posts\/688\/revisions\/690"}],"wp:featuredmedia":[{"embeddable":true,"href":"https:\/\/tvc16.com\/portal\/wp-json\/wp\/v2\/media\/689"}],"wp:attachment":[{"href":"https:\/\/tvc16.com\/portal\/wp-json\/wp\/v2\/media?parent=688"}],"wp:term":[{"taxonomy":"category","embeddable":true,"href":"https:\/\/tvc16.com\/portal\/wp-json\/wp\/v2\/categories?post=688"},{"taxonomy":"post_tag","embeddable":true,"href":"https:\/\/tvc16.com\/portal\/wp-json\/wp\/v2\/tags?post=688"}],"curies":[{"name":"wp","href":"https:\/\/api.w.org\/{rel}","templated":true}]}}