{"id":6881,"date":"2020-11-27T20:05:22","date_gmt":"2020-11-27T23:05:22","guid":{"rendered":"https:\/\/tvc16.com\/portal\/?p=6881"},"modified":"2020-11-27T20:05:24","modified_gmt":"2020-11-27T23:05:24","slug":"mdr-capacita-gestores-municipais-e-investe-em-estudos-sobre-politicas-de-desenvolvimento-regional","status":"publish","type":"post","link":"https:\/\/tvc16.com\/portal\/2020\/11\/27\/mdr-capacita-gestores-municipais-e-investe-em-estudos-sobre-politicas-de-desenvolvimento-regional\/","title":{"rendered":"MDR capacita gestores municipais e investe em estudos sobre pol\u00edticas de desenvolvimento regional"},"content":{"rendered":"\n<p>Gestores p\u00fablicos de munic\u00edpios brasileiros t\u00eam recebido capacita\u00e7\u00e3o do Minist\u00e9rio do Desenvolvimento Regional <a href=\"https:\/\/www.gov.br\/mdr\/pt-br\">(MDR)<\/a> no sentido de desenvolver pol\u00edticas voltadas para a\u00e7\u00f5es realizadas pela Pasta. As orienta\u00e7\u00f5es s\u00e3o, principalmente, em \u00e1reas de mobilidade urbana e desenvolvimento regional.<\/p>\n\n\n\n<p>O objetivo da iniciativa \u00e9 ofertar forma\u00e7\u00e3o que complemente os conhecimentos de gest\u00e3o e prepara\u00e7\u00e3o para a transi\u00e7\u00e3o e para o in\u00edcio de governo. O programa contar\u00e1 com encontros divididos em 40 horas de capacita\u00e7\u00e3o. A a\u00e7\u00e3o vai fornecer acesso a profissionais, instrutores e materiais. As inscri\u00e7\u00f5es ser\u00e3o abertas em 2021.<\/p>\n\n\n\n<p>A iniciativa conta ainda com parceria da Universidade Federal do Rio Grande do Norte (UFRN) e da Escola Nacional de Administra\u00e7\u00e3o P\u00fablica (Enap). O investimento at\u00e9 o momento foi mais de R$ 1 milh\u00e3o em recursos federais.<\/p>\n\n\n\n<p>Fonte: <a href=\"https:\/\/brasil61.com\/noticias\/mdr-capacita-gestores-municipais-e-investe-em-estudos-sobre-politicas-de-desenvolvimento-regional-bras202775?email=bethdeoliveira@yahoo.com.br&amp;utm_source=newsletter&amp;utm_medium=newsletter&amp;utm_campaign=newsletter\" target=\"_blank\" rel=\"noreferrer noopener\">Brasil 61<\/a><\/p>\n","protected":false},"excerpt":{"rendered":"<p>Gestores p\u00fablicos de munic\u00edpios brasileiros t\u00eam recebido capacita\u00e7\u00e3o do Minist\u00e9rio do Desenvolvimento Regional (MDR) no<\/p>\n","protected":false},"author":2,"featured_media":6882,"comment_status":"open","ping_status":"open","sticky":false,"template":"","format":"standard","meta":{"footnotes":""},"categories":[17],"tags":[],"class_list":["post-6881","post","type-post","status-publish","format-standard","has-post-thumbnail","hentry","category-outras-noticias"],"_links":{"self":[{"href":"https:\/\/tvc16.com\/portal\/wp-json\/wp\/v2\/posts\/6881","targetHints":{"allow":["GET"]}}],"collection":[{"href":"https:\/\/tvc16.com\/portal\/wp-json\/wp\/v2\/posts"}],"about":[{"href":"https:\/\/tvc16.com\/portal\/wp-json\/wp\/v2\/types\/post"}],"author":[{"embeddable":true,"href":"https:\/\/tvc16.com\/portal\/wp-json\/wp\/v2\/users\/2"}],"replies":[{"embeddable":true,"href":"https:\/\/tvc16.com\/portal\/wp-json\/wp\/v2\/comments?post=6881"}],"version-history":[{"count":1,"href":"https:\/\/tvc16.com\/portal\/wp-json\/wp\/v2\/posts\/6881\/revisions"}],"predecessor-version":[{"id":6883,"href":"https:\/\/tvc16.com\/portal\/wp-json\/wp\/v2\/posts\/6881\/revisions\/6883"}],"wp:featuredmedia":[{"embeddable":true,"href":"https:\/\/tvc16.com\/portal\/wp-json\/wp\/v2\/media\/6882"}],"wp:attachment":[{"href":"https:\/\/tvc16.com\/portal\/wp-json\/wp\/v2\/media?parent=6881"}],"wp:term":[{"taxonomy":"category","embeddable":true,"href":"https:\/\/tvc16.com\/portal\/wp-json\/wp\/v2\/categories?post=6881"},{"taxonomy":"post_tag","embeddable":true,"href":"https:\/\/tvc16.com\/portal\/wp-json\/wp\/v2\/tags?post=6881"}],"curies":[{"name":"wp","href":"https:\/\/api.w.org\/{rel}","templated":true}]}}