{"id":6887,"date":"2020-11-28T12:24:02","date_gmt":"2020-11-28T15:24:02","guid":{"rendered":"https:\/\/tvc16.com\/portal\/?p=6887"},"modified":"2020-11-28T12:24:04","modified_gmt":"2020-11-28T15:24:04","slug":"educacao-novos-kits-pedagogicos-e-mais-16-onibus-zero-quilometro-vao-integrar-a-rede-em-2021","status":"publish","type":"post","link":"https:\/\/tvc16.com\/portal\/2020\/11\/28\/educacao-novos-kits-pedagogicos-e-mais-16-onibus-zero-quilometro-vao-integrar-a-rede-em-2021\/","title":{"rendered":"Educa\u00e7\u00e3o: Novos kits pedag\u00f3gicos e mais 16 \u00f4nibus zero quil\u00f4metro v\u00e3o integrar a rede em 2021"},"content":{"rendered":"\n<p><em>Planejamento garantir\u00e1 estrutura necess\u00e1ria para a retomada das aulas presenciais no pr\u00f3ximo ano<\/em><\/p>\n\n\n\n<p>Mobili\u00e1rio, brinquedos, material esportivo e kits musicais s\u00e3o algumas das novidades que ser\u00e3o encontradas pelos alunos da rede municipal em 2021. E mais uma vez o governo investe na compra dos kits pedag\u00f3gicos, que encantaram pais e alunos. O munic\u00edpio tamb\u00e9m vai adquirir mais 16 \u00f4nibus escolares, aumentando a frota para 48 ve\u00edculos prontos a atender os estudantes. Todo investimento foi feito por interm\u00e9dio da ades\u00e3o da ata de compra no Fundo Nacional de Desenvolvimento da Educa\u00e7\u00e3o (FNDE).<\/p>\n\n\n\n<p>Vale ressaltar ainda n\u00e3o h\u00e1 data definida para o retorno presencial das aulas, no entanto, gra\u00e7as ao Plano de Retorno constru\u00eddo de forma democr\u00e1tica pela Secretaria de Educa\u00e7\u00e3o e planejamento que vem sendo constru\u00eddo durante esse ano para garantir um retorno tranquilo para mais de 41 mil alunos, a rede estar\u00e1 toda equipada para receber servidores e estudantes.<\/p>\n\n\n\n<p>O poder p\u00fablico est\u00e1 investindo na compra de kits pedag\u00f3gicos para os alunos. A ideia \u00e9 que os conjuntos sejam entregues para os alunos no pr\u00f3ximo ano. Essa ser\u00e1 a segunda vez que o munic\u00edpio vai comprar kits para os alunos. A primeira compra ocorreu em 2019 por meio da ades\u00e3o a uma ata de compra do FNDE. Na \u00e9poca, o preg\u00e3o realizado pelo Governo federal \u2013 FNDE \u2013 teve in\u00edcio em 2018 e foi conclu\u00eddo em 2019. A prefeitura de Petr\u00f3polis aderiu \u00e0 ata do FNDE em dezembro de 2019, quando foi aberta a possibilidade de ades\u00e3o.<\/p>\n\n\n\n<p>A entrega dos conjuntos pedag\u00f3gicos para a Prefeitura de Petr\u00f3polis come\u00e7ou em mar\u00e7o e terminou no final de maio de 2020. Logo ap\u00f3s, os materiais foram distribu\u00eddos para os estudantes da rede &#8211; cada aluno recebeu o seu. A segunda compra tamb\u00e9m ser\u00e1 feita gra\u00e7as a ades\u00e3o a outra ata de compra do FNDE. O processo funciona da seguinte forma:&nbsp;&nbsp;o governo federal abre, por interm\u00e9dio do FNDE, um grande processo de compra e as prefeituras interessadas t\u00eam a oportunidade de adquirir e pagar por todo material recebido &#8211; o pagamento \u00e9 feito com recursos pr\u00f3prios da prefeitura.&nbsp;<\/p>\n\n\n\n<p><strong>Rede municipal tamb\u00e9m receber\u00e1 novos \u00f4nibus<\/strong><\/p>\n\n\n\n<p>Al\u00e9m dos kits, o transporte dos alunos que moram nas localidades conhecidas como \u201cde dif\u00edcil acesso\u201d contar\u00e1 com o refor\u00e7o: a Secretaria de Educa\u00e7\u00e3o tamb\u00e9m aderiu a ata de compra do FNDE para adquirir 16 novos \u00f4nibus. Essa tamb\u00e9m ser\u00e1 a segunda vez que uma compra grande \u00f4nibus ser\u00e1 feita pela Secretaria de Educa\u00e7\u00e3o. Em 2019, a prefeitura tamb\u00e9m aderiu a compra e adquiriu 11 novos \u00f4nibus. Com mais 2 que j\u00e1 haviam conquistados desde 2017, a frota da Secretaria de Educa\u00e7\u00e3o chegou a 32 \u00f4nibus. Com essa segunda compra &#8211; a ades\u00e3o a ata ocorreu neste ano, em 2020, e os ve\u00edculos ser\u00e3o entregues a partir de 2021 &#8211; a frota vai ser renovada com mais 16 \u00f4nibus e chegar\u00e1 a 48 ve\u00edculos. Importante destacar que esses \u00f4nibus transportam as crian\u00e7as e adolescentes que moram em locais distantes, onde o transporte comum n\u00e3o chega com facilidade.<\/p>\n\n\n\n<p><strong>Retorno com seguran\u00e7a<\/strong><\/p>\n\n\n\n<p>Ainda n\u00e3o h\u00e1 data para o retorno das aulas, mas, quando for poss\u00edvel, o refor\u00e7o no atendimento atender\u00e1 aos protocolos garantidos no plano de retorno, com distanciamento, limpeza e uso de EPIs necess\u00e1rios de acordo com a faixa et\u00e1ria dos alunos e das fun\u00e7\u00f5es dos servidores. Al\u00e9m disso, cada creche e escola vai se adaptar ao Plano de acordo com as particularidades de cada pr\u00e9dio, com toda a estrutura necess\u00e1ria: merenda de qualidade e acompanhamento nutricional, limpeza e organiza\u00e7\u00e3o.<\/p>\n","protected":false},"excerpt":{"rendered":"<p>Planejamento garantir\u00e1 estrutura necess\u00e1ria para a retomada das aulas presenciais no pr\u00f3ximo ano Mobili\u00e1rio, brinquedos,<\/p>\n","protected":false},"author":2,"featured_media":6888,"comment_status":"open","ping_status":"open","sticky":false,"template":"","format":"standard","meta":{"footnotes":""},"categories":[12],"tags":[],"class_list":["post-6887","post","type-post","status-publish","format-standard","has-post-thumbnail","hentry","category-cidade"],"_links":{"self":[{"href":"https:\/\/tvc16.com\/portal\/wp-json\/wp\/v2\/posts\/6887","targetHints":{"allow":["GET"]}}],"collection":[{"href":"https:\/\/tvc16.com\/portal\/wp-json\/wp\/v2\/posts"}],"about":[{"href":"https:\/\/tvc16.com\/portal\/wp-json\/wp\/v2\/types\/post"}],"author":[{"embeddable":true,"href":"https:\/\/tvc16.com\/portal\/wp-json\/wp\/v2\/users\/2"}],"replies":[{"embeddable":true,"href":"https:\/\/tvc16.com\/portal\/wp-json\/wp\/v2\/comments?post=6887"}],"version-history":[{"count":1,"href":"https:\/\/tvc16.com\/portal\/wp-json\/wp\/v2\/posts\/6887\/revisions"}],"predecessor-version":[{"id":6889,"href":"https:\/\/tvc16.com\/portal\/wp-json\/wp\/v2\/posts\/6887\/revisions\/6889"}],"wp:featuredmedia":[{"embeddable":true,"href":"https:\/\/tvc16.com\/portal\/wp-json\/wp\/v2\/media\/6888"}],"wp:attachment":[{"href":"https:\/\/tvc16.com\/portal\/wp-json\/wp\/v2\/media?parent=6887"}],"wp:term":[{"taxonomy":"category","embeddable":true,"href":"https:\/\/tvc16.com\/portal\/wp-json\/wp\/v2\/categories?post=6887"},{"taxonomy":"post_tag","embeddable":true,"href":"https:\/\/tvc16.com\/portal\/wp-json\/wp\/v2\/tags?post=6887"}],"curies":[{"name":"wp","href":"https:\/\/api.w.org\/{rel}","templated":true}]}}