{"id":68980,"date":"2023-10-01T10:00:00","date_gmt":"2023-10-01T13:00:00","guid":{"rendered":"https:\/\/tvc16.com\/portal\/?p=68980"},"modified":"2023-09-28T09:57:22","modified_gmt":"2023-09-28T12:57:22","slug":"peca-teatral-casa-das-margaridas-da-voz-a-mulheres-no-palco","status":"publish","type":"post","link":"https:\/\/tvc16.com\/portal\/2023\/10\/01\/peca-teatral-casa-das-margaridas-da-voz-a-mulheres-no-palco\/","title":{"rendered":"Pe\u00e7a Teatral Casa das Margaridas d\u00e1 voz a mulheres no Palco"},"content":{"rendered":"\n<pre class=\"wp-block-code\"><code><em>A pe\u00e7a \u00e9 inspirada no falat\u00f3rio de Stella do Patroc\u00ednio <\/em><\/code><\/pre>\n\n\n\n<p>As hist\u00f3rias das mulheres no Brasil nunca foram dignamente contadas, mas n\u00e3o por falta de refer\u00eancias reais, mas sim por consequ\u00eancia da neglig\u00eancia de um sistema opressor que as silencia e invisibiliza diariamente. Pensando em quebrar o sil\u00eancio de tantas vozes, as atrizes Simone Gon\u00e7alves e Cleonice Fernandes constru\u00edram a pe\u00e7a teatral \u201cCasas das Margaridas\u201d inspirada na vida e falas da poetisa negra, Stella do Patroc\u00ednio, com o intuito de dar voz a mulheres da sociedade que foram e s\u00e3o apagadas e esquecidas. A pe\u00e7a vai estrear presencialmente no dia 14 de outubro, \u00e0s 18h, no Centro de Cultura Raul de Leoni, a entrada \u00e9 gratuita.<\/p>\n\n\n\n<figure class=\"wp-block-image size-full\"><img loading=\"lazy\" decoding=\"async\" width=\"899\" height=\"899\" src=\"https:\/\/tvc16.com\/portal\/wp-content\/uploads\/2023\/09\/Peca-Teatral-2-Divulgacao.jpeg\" alt=\"\" class=\"wp-image-68982\" srcset=\"https:\/\/tvc16.com\/portal\/wp-content\/uploads\/2023\/09\/Peca-Teatral-2-Divulgacao.jpeg 899w, https:\/\/tvc16.com\/portal\/wp-content\/uploads\/2023\/09\/Peca-Teatral-2-Divulgacao-300x300.jpeg 300w, https:\/\/tvc16.com\/portal\/wp-content\/uploads\/2023\/09\/Peca-Teatral-2-Divulgacao-150x150.jpeg 150w, https:\/\/tvc16.com\/portal\/wp-content\/uploads\/2023\/09\/Peca-Teatral-2-Divulgacao-768x768.jpeg 768w\" sizes=\"auto, (max-width: 899px) 100vw, 899px\" \/><\/figure>\n\n\n\n<p>A dramaturgia da pe\u00e7a \u00e9 inspirada na vida e nas falas de Stela do Patroc\u00ednio, uma mulher preta, pobre e louca, que viveu 30 anos \u00e0 margem, trancada em uma institui\u00e7\u00e3o de tratamento psiqui\u00e1trico e recebeu uma \u00fanica visita em toda sua vida. Stella foi detida pela pol\u00edcia, quando caminhava por uma rua no bairro Botafogo, no Rio de Janeiro. Na a\u00e7\u00e3o ela foi pega e internada compulsoriamente no Centro Psiqui\u00e1trico Pedro II, aos 21 anos de idade. Logo ap\u00f3s ela foi transferida para a Col\u00f4nia Moreira (CJM), onde participou do projeto de cria\u00e7\u00e3o art\u00edstica realizado pelas psic\u00f3logas Denise Correa e Marlene S\u00e1 Freire, a a\u00e7\u00e3o promoveu oficinas de arte. Em uma dessas oficinas ela foi gravada por uma fita cassete, falando sobre suas experi\u00eancias na vida, fazendo ecoar em suas palavras como a sociedade seguia um vi\u00e9s normatizador, patriarcal e racista que se valeu do modelo m\u00e9dico para excluir e calar as pessoas que se diferenciavam do modelo Hegem\u00f4nico. Esse material foi nomeado pela Stella como o \u201cFalat\u00f3rio\u201d.<\/p>\n\n\n\n<p>A Casa das Margaridas nasceu atrav\u00e9s de um desejo das atrizes de ecoar e dar visibilidade \u00e0s vozes de mulheres que nunca antes ouvidas, as duas, escolheram um recorte social baseado na vida de Stella do Patroc\u00ednio, ap\u00f3s terem acesso a textos da mesma, em uma oficina teatral. O experimento traz a import\u00e2ncia de ouvir o falat\u00f3rio de Stela e de tantas mulheres da sociedade, que se sentem sufocadas com o sistema criado a s\u00e9culos atr\u00e1s, onde foram ensinadas a satisfazer o patriarcado ignorando as suas pr\u00f3prias vontades e desejos.<\/p>\n\n\n\n<p>Em cena as atrizes falam sobre arte e sobre elas mesmas de maneira po\u00e9tica, levando suas hist\u00f3rias de vida ao palco. \u201cNossa inten\u00e7\u00e3o \u00e9 fazer o p\u00fablico questionar os poderes, quem tem o poder de fala na m\u00e3o. O objetivo \u00e9 faz\u00ea-los pensar em um recorte racial, se Stella do Patroc\u00ednio fosse branca e tivesse andando em Copacabana, e de repente gritasse no meio da rua por que perdeu os \u00f3culos escuros, ela teria sofrido o mesmo?&#8221; , disse Simone Gon\u00e7alves, atriz.<\/p>\n\n\n\n<p>No cen\u00e1rio de viol\u00eancia no pa\u00eds as mulheres negras continuam sendo as v\u00edtimas da opress\u00e3o do sistema machista e racista estrutural que est\u00e1 enraizado na sociedade que n\u00e3o aceita o diferente da norma padr\u00e3o. Indo contra essa ideia, a Casa das Margaridas traz a reflex\u00e3o de que se \u00e9 necess\u00e1rio falar e ouvir hist\u00f3rias de mulheres, dando destaque \u00e0s poesias de Stella do Patroc\u00ednio, trazendo \u00e0 tona as vozes consideradas loucas ou fora do encaixe da norma social. &#8220;N\u00f3s entendemos que \u00e9 preciso resgatar e reverberar nossas hist\u00f3rias para que elas n\u00e3o se apaguem.&#8221;, relatou as atrizes, Cleonice Fernandes e Simone Gon\u00e7alves.<\/p>\n\n\n\n<p><em>Leandra Lima &#8211; Estagi\u00e1ria<\/em><\/p>\n","protected":false},"excerpt":{"rendered":"<p>As hist\u00f3rias das mulheres no Brasil nunca foram dignamente contadas, mas n\u00e3o por falta de<\/p>\n","protected":false},"author":2,"featured_media":68981,"comment_status":"open","ping_status":"open","sticky":false,"template":"","format":"standard","meta":{"footnotes":""},"categories":[12],"tags":[],"class_list":["post-68980","post","type-post","status-publish","format-standard","has-post-thumbnail","hentry","category-cidade"],"_links":{"self":[{"href":"https:\/\/tvc16.com\/portal\/wp-json\/wp\/v2\/posts\/68980","targetHints":{"allow":["GET"]}}],"collection":[{"href":"https:\/\/tvc16.com\/portal\/wp-json\/wp\/v2\/posts"}],"about":[{"href":"https:\/\/tvc16.com\/portal\/wp-json\/wp\/v2\/types\/post"}],"author":[{"embeddable":true,"href":"https:\/\/tvc16.com\/portal\/wp-json\/wp\/v2\/users\/2"}],"replies":[{"embeddable":true,"href":"https:\/\/tvc16.com\/portal\/wp-json\/wp\/v2\/comments?post=68980"}],"version-history":[{"count":1,"href":"https:\/\/tvc16.com\/portal\/wp-json\/wp\/v2\/posts\/68980\/revisions"}],"predecessor-version":[{"id":68983,"href":"https:\/\/tvc16.com\/portal\/wp-json\/wp\/v2\/posts\/68980\/revisions\/68983"}],"wp:featuredmedia":[{"embeddable":true,"href":"https:\/\/tvc16.com\/portal\/wp-json\/wp\/v2\/media\/68981"}],"wp:attachment":[{"href":"https:\/\/tvc16.com\/portal\/wp-json\/wp\/v2\/media?parent=68980"}],"wp:term":[{"taxonomy":"category","embeddable":true,"href":"https:\/\/tvc16.com\/portal\/wp-json\/wp\/v2\/categories?post=68980"},{"taxonomy":"post_tag","embeddable":true,"href":"https:\/\/tvc16.com\/portal\/wp-json\/wp\/v2\/tags?post=68980"}],"curies":[{"name":"wp","href":"https:\/\/api.w.org\/{rel}","templated":true}]}}