{"id":69043,"date":"2023-10-01T11:00:00","date_gmt":"2023-10-01T14:00:00","guid":{"rendered":"https:\/\/tvc16.com\/portal\/?p=69043"},"modified":"2023-09-29T07:31:43","modified_gmt":"2023-09-29T10:31:43","slug":"dezessete-estudantes-participam-da-34a-edicao-do-projeto-camara-mirim","status":"publish","type":"post","link":"https:\/\/tvc16.com\/portal\/2023\/10\/01\/dezessete-estudantes-participam-da-34a-edicao-do-projeto-camara-mirim\/","title":{"rendered":"Dezessete estudantes participam da 34\u00aa edi\u00e7\u00e3o do projeto C\u00e2mara Mirim"},"content":{"rendered":"\n<p>Dezessete crian\u00e7as e adolescentes de seis escolas da cidade participaram, nesta ter\u00e7a-feira, da 34\u00aa edi\u00e7\u00e3o do projeto C\u00e2mara Mirim. A iniciativa tem como objetivo aproximar a C\u00e2mara Municipal da popula\u00e7\u00e3o, oferecendo a estudantes a oportunidade de vivenciarem um dia como legisladores. Os alunos foram recebidos pelo presidente da Casa, vereador J\u00fanior Coruja, e participaram de uma sess\u00e3o plen\u00e1ria, com elei\u00e7\u00e3o da Mesa Diretora, posse, confirma\u00e7\u00e3o de presen\u00e7a, apresenta\u00e7\u00e3o e defesa de indica\u00e7\u00f5es e vota\u00e7\u00e3o.<\/p>\n\n\n\n<p>Presidente da C\u00e2mara, o vereador J\u00fanior Coruja destacou a import\u00e2ncia da iniciativa. \u201cO C\u00e2mara Mirim proporciona momentos muito especiais tanto para os estudantes quanto para n\u00f3s, da C\u00e2mara, incluindo vereadores e funcion\u00e1rios. \u00c9 uma troca importante e necess\u00e1ria. Ver o interesse deles pelos problemas das suas comunidades e da cidade, em geral, mostra que estamos no caminho certo, trabalhando pela forma\u00e7\u00e3o cidad\u00e3 dessa garotada. \u00c9 importante que estudem e que estejam conscientes de seu papel na sociedade\u201d, lembrou.<\/p>\n\n\n\n<figure class=\"wp-block-image size-large\"><img loading=\"lazy\" decoding=\"async\" width=\"1024\" height=\"682\" src=\"https:\/\/tvc16.com\/portal\/wp-content\/uploads\/2023\/09\/Camara-Mirim-1-1024x682.jpeg\" alt=\"\" class=\"wp-image-69045\" srcset=\"https:\/\/tvc16.com\/portal\/wp-content\/uploads\/2023\/09\/Camara-Mirim-1-1024x682.jpeg 1024w, https:\/\/tvc16.com\/portal\/wp-content\/uploads\/2023\/09\/Camara-Mirim-1-300x200.jpeg 300w, https:\/\/tvc16.com\/portal\/wp-content\/uploads\/2023\/09\/Camara-Mirim-1-768x512.jpeg 768w, https:\/\/tvc16.com\/portal\/wp-content\/uploads\/2023\/09\/Camara-Mirim-1-1536x1023.jpeg 1536w, https:\/\/tvc16.com\/portal\/wp-content\/uploads\/2023\/09\/Camara-Mirim-1-900x600.jpeg 900w, https:\/\/tvc16.com\/portal\/wp-content\/uploads\/2023\/09\/Camara-Mirim-1.jpeg 1600w\" sizes=\"auto, (max-width: 1024px) 100vw, 1024px\" \/><\/figure>\n\n\n\n<p>Os vereadores Domingos Protetor, Fred Proc\u00f3pio, Hingo Hammes e J\u00falia Casamasso tamb\u00e9m acompanharam de perto a sess\u00e3o e frisaram a alegria em ver o engajamento das escolas e a participa\u00e7\u00e3o das crian\u00e7as. Durante a sess\u00e3o, os vereadores mirins defenderam e votaram suas indica\u00e7\u00f5es, que inclu\u00edam pedidos de a\u00e7\u00f5es nas \u00e1reas de defesa civil, educa\u00e7\u00e3o e lazer, infraestrutura, emprego, inclus\u00e3o social e sa\u00fade, entre outras. Todas foram aprovadas e ser\u00e3o levadas pela C\u00e2mara, seguindo o rito legal, para an\u00e1lise do Poder Executivo.<\/p>\n\n\n\n<p>Os trabalhos desta 34\u00aa edi\u00e7\u00e3o do projeto C\u00e2mara Mirim foram conduzidos pelo presidente Pietro Serrano Dias (Col\u00e9gio Apogeu \/ S\u00e3o Tom\u00e1s), ao lado da 1\u00aa vice-presidente, Bruna Silva Sim\u00e3o de Vasconcellos (Instituto Metodista de Petr\u00f3polis); da 2\u00aa vice-presidente, Fernanda Schmitt de Azevedo (Col\u00e9gio Apogeu \/ S\u00e3o Tom\u00e1s); da 1\u00aa secret\u00e1ria, Lara Van Kuyk (Col\u00e9gio Apogeu \/ S\u00e3o Tom\u00e1s); e do 2\u00ba secret\u00e1rio Leo Stenner (Col\u00e9gio Vicentino Santa Isabel).<\/p>\n\n\n\n<figure class=\"wp-block-image size-large\"><img loading=\"lazy\" decoding=\"async\" width=\"1024\" height=\"682\" src=\"https:\/\/tvc16.com\/portal\/wp-content\/uploads\/2023\/09\/Camara-Mirim-2-1024x682.jpeg\" alt=\"\" class=\"wp-image-69046\" srcset=\"https:\/\/tvc16.com\/portal\/wp-content\/uploads\/2023\/09\/Camara-Mirim-2-1024x682.jpeg 1024w, https:\/\/tvc16.com\/portal\/wp-content\/uploads\/2023\/09\/Camara-Mirim-2-300x200.jpeg 300w, https:\/\/tvc16.com\/portal\/wp-content\/uploads\/2023\/09\/Camara-Mirim-2-768x512.jpeg 768w, https:\/\/tvc16.com\/portal\/wp-content\/uploads\/2023\/09\/Camara-Mirim-2-1536x1023.jpeg 1536w, https:\/\/tvc16.com\/portal\/wp-content\/uploads\/2023\/09\/Camara-Mirim-2-900x600.jpeg 900w, https:\/\/tvc16.com\/portal\/wp-content\/uploads\/2023\/09\/Camara-Mirim-2.jpeg 1600w\" sizes=\"auto, (max-width: 1024px) 100vw, 1024px\" \/><\/figure>\n\n\n\n<p>Tamb\u00e9m participaram da sess\u00e3o os vereadores mirins Luiza Lucas Machado e Nina Leipner Lima Carneiro, do Col\u00e9gio Vicentino Santa Isabel; Rebeca Stumpf Justino, Maria Alice Granatto de Carvalho e Bianca Machado de S\u00e1, do Cepec; Rafaely Giovana dos Santos Batista e Sara Mayworm Vieira, do IPAC; Anna Simas Brega e Vivian Telles Ventura Barillo Fernandes, do Instituto Metodista de Petr\u00f3polis; e Yasmin Vict\u00f3ria Lopes Cassim, Gabriel Costa Viegas de Barros e Nath\u00e1lia Montenegro Clavery, do Col\u00e9gio Mont\u00eas.<\/p>\n\n\n\n<p>Para Pietro Serrano Dias, que foi o presidente da sess\u00e3o, o dia foi inesquec\u00edvel. \u201cHoje realizei parte do meu sonho. Eu, nunca tinha entrado na C\u00e2mara Municipal e foi muito bom poder compartilhar minha ideia e mostrar a import\u00e2ncia da educa\u00e7\u00e3o pol\u00edtica para outras pessoas\u201d, afirmou ele, que sonha, um dia, se candidatar a uma cadeira de vereador. Pai de Pietro, Fernando Dias parabenizou a C\u00e2mara Municipal pela iniciativa. \u201c\u00c9 um projeto fant\u00e1stico, que come\u00e7a a forjar nas nossas crian\u00e7as e jovens a consci\u00eancia pol\u00edtica que \u00e9 t\u00e3o necess\u00e1ria. O futuro pertence a eles\u201d, frisou.<\/p>\n\n\n\n<p>O Projeto C\u00e2mara Mirim foi criado em 2001 e passou por uma altera\u00e7\u00e3o, em 2013, que incluiu as escolas particulares. S\u00e3o realizadas duas edi\u00e7\u00f5es por ano, havendo sempre um revezamento entre escolas p\u00fablicas e particulares. \u00c9 poss\u00edvel obter informa\u00e7\u00f5es no setor de Projetos Especiais, pelo e-mail projetosespeciais@petropolis.rj.leg.br ou pelo telefone (24) 2291-9282.<\/p>\n\n\n\n<p><em>CMP<\/em><\/p>\n","protected":false},"excerpt":{"rendered":"<p>Dezessete crian\u00e7as e adolescentes de seis escolas da cidade participaram, nesta ter\u00e7a-feira, da 34\u00aa edi\u00e7\u00e3o<\/p>\n","protected":false},"author":2,"featured_media":69044,"comment_status":"open","ping_status":"open","sticky":false,"template":"","format":"standard","meta":{"footnotes":""},"categories":[12],"tags":[],"class_list":["post-69043","post","type-post","status-publish","format-standard","has-post-thumbnail","hentry","category-cidade"],"_links":{"self":[{"href":"https:\/\/tvc16.com\/portal\/wp-json\/wp\/v2\/posts\/69043","targetHints":{"allow":["GET"]}}],"collection":[{"href":"https:\/\/tvc16.com\/portal\/wp-json\/wp\/v2\/posts"}],"about":[{"href":"https:\/\/tvc16.com\/portal\/wp-json\/wp\/v2\/types\/post"}],"author":[{"embeddable":true,"href":"https:\/\/tvc16.com\/portal\/wp-json\/wp\/v2\/users\/2"}],"replies":[{"embeddable":true,"href":"https:\/\/tvc16.com\/portal\/wp-json\/wp\/v2\/comments?post=69043"}],"version-history":[{"count":1,"href":"https:\/\/tvc16.com\/portal\/wp-json\/wp\/v2\/posts\/69043\/revisions"}],"predecessor-version":[{"id":69047,"href":"https:\/\/tvc16.com\/portal\/wp-json\/wp\/v2\/posts\/69043\/revisions\/69047"}],"wp:featuredmedia":[{"embeddable":true,"href":"https:\/\/tvc16.com\/portal\/wp-json\/wp\/v2\/media\/69044"}],"wp:attachment":[{"href":"https:\/\/tvc16.com\/portal\/wp-json\/wp\/v2\/media?parent=69043"}],"wp:term":[{"taxonomy":"category","embeddable":true,"href":"https:\/\/tvc16.com\/portal\/wp-json\/wp\/v2\/categories?post=69043"},{"taxonomy":"post_tag","embeddable":true,"href":"https:\/\/tvc16.com\/portal\/wp-json\/wp\/v2\/tags?post=69043"}],"curies":[{"name":"wp","href":"https:\/\/api.w.org\/{rel}","templated":true}]}}