{"id":69048,"date":"2023-09-30T11:00:00","date_gmt":"2023-09-30T14:00:00","guid":{"rendered":"https:\/\/tvc16.com\/portal\/?p=69048"},"modified":"2023-09-29T07:47:15","modified_gmt":"2023-09-29T10:47:15","slug":"pessoas-em-tratamento-de-quimioterapia-hemodialise-ou-com-bolsa-de-colostomia-terao-direito-a-prioridade-em-filas-onibus-e-estacionamentos","status":"publish","type":"post","link":"https:\/\/tvc16.com\/portal\/2023\/09\/30\/pessoas-em-tratamento-de-quimioterapia-hemodialise-ou-com-bolsa-de-colostomia-terao-direito-a-prioridade-em-filas-onibus-e-estacionamentos\/","title":{"rendered":"Pessoas em tratamento de quimioterapia, hemodi\u00e1lise ou com bolsa de colostomia ter\u00e3o direito a prioridade em filas, \u00f4nibus e estacionamentos"},"content":{"rendered":"\n<p>A C\u00e2mara Municipal de Petr\u00f3polis aprovou nesta quarta-feira (27) Projeto de Lei do presidente da C\u00e2mara, vereador J\u00fanior Coruja, que garante atendimento priorit\u00e1rio a pessoas que est\u00e3o em tratamento de quimioterapia, radioterapia, hemodi\u00e1lise ou que utilizem bolsa de colostomia. O tratamento diferenciado ser\u00e1 garantido em mercados, bancos, lot\u00e9ricas e \u00f3rg\u00e3os p\u00fablicos, garantindo a este p\u00fablico direitos iguais aos j\u00e1 previstos em lei para p\u00fablicos espec\u00edficos, como idosos e gestantes. Estes pacientes tamb\u00e9m poder\u00e3o utilizar os assentos priorit\u00e1rios no transporte coletivo municipal, assim como as vagas de estacionamento hoje j\u00e1 asseguradas a pessoas com defici\u00eancia ou com mobilidade reduzida e idosos.<\/p>\n\n\n\n<p>Autor do projeto, o vereador J\u00fanior Coruja lembrou que uma vez sancionada a lei, o governo municipal dever\u00e1 regulamentar a quest\u00e3o, criando dispositivos para garantir a este p\u00fablico acesso ao benef\u00edcio ao longo do per\u00edodo de tratamento. \u201cEstamos falando de pacientes que est\u00e3o enfrentando momentos delicados e que, em fun\u00e7\u00e3o da pr\u00f3pria doen\u00e7a e do tratamento, ficam mais vulner\u00e1veis, sendo justo esse cuidado especial\u201d, explicou.<\/p>\n\n\n\n<p>A medida tem como objetivo garantir que esses pacientes recebam atendimento priorit\u00e1rio inclusive em estabelecimentos de sa\u00fade, a fim de evitar atrasos ou transtornos que possam prejudicar o tratamento ou causar desconforto aos pacientes.<\/p>\n\n\n\n<p>A determina\u00e7\u00e3o de prioridade de atendimento para esses casos espec\u00edficos, conforme detalhou o vereador, \u00e9 uma medida necess\u00e1ria e que deve ser aplicada de forma adequada pelos profissionais de sa\u00fade. \u201c\u00c9 fundamental que os estabelecimentos atendam a esses pacientes de forma priorit\u00e1ria e com a qualidade necess\u00e1ria, respeitando seus direitos e garantindo a dignidade humana\u201d, finalizou.<\/p>\n\n\n\n<p>O Projeto de Lei, agora, ser\u00e1 encaminhado ao Poder Executivo.<\/p>\n\n\n\n<p><em>CMP<\/em><\/p>\n","protected":false},"excerpt":{"rendered":"<p>A C\u00e2mara Municipal de Petr\u00f3polis aprovou nesta quarta-feira (27) Projeto de Lei do presidente da<\/p>\n","protected":false},"author":2,"featured_media":58548,"comment_status":"open","ping_status":"open","sticky":false,"template":"","format":"standard","meta":{"footnotes":""},"categories":[12],"tags":[],"class_list":["post-69048","post","type-post","status-publish","format-standard","has-post-thumbnail","hentry","category-cidade"],"_links":{"self":[{"href":"https:\/\/tvc16.com\/portal\/wp-json\/wp\/v2\/posts\/69048","targetHints":{"allow":["GET"]}}],"collection":[{"href":"https:\/\/tvc16.com\/portal\/wp-json\/wp\/v2\/posts"}],"about":[{"href":"https:\/\/tvc16.com\/portal\/wp-json\/wp\/v2\/types\/post"}],"author":[{"embeddable":true,"href":"https:\/\/tvc16.com\/portal\/wp-json\/wp\/v2\/users\/2"}],"replies":[{"embeddable":true,"href":"https:\/\/tvc16.com\/portal\/wp-json\/wp\/v2\/comments?post=69048"}],"version-history":[{"count":1,"href":"https:\/\/tvc16.com\/portal\/wp-json\/wp\/v2\/posts\/69048\/revisions"}],"predecessor-version":[{"id":69050,"href":"https:\/\/tvc16.com\/portal\/wp-json\/wp\/v2\/posts\/69048\/revisions\/69050"}],"wp:featuredmedia":[{"embeddable":true,"href":"https:\/\/tvc16.com\/portal\/wp-json\/wp\/v2\/media\/58548"}],"wp:attachment":[{"href":"https:\/\/tvc16.com\/portal\/wp-json\/wp\/v2\/media?parent=69048"}],"wp:term":[{"taxonomy":"category","embeddable":true,"href":"https:\/\/tvc16.com\/portal\/wp-json\/wp\/v2\/categories?post=69048"},{"taxonomy":"post_tag","embeddable":true,"href":"https:\/\/tvc16.com\/portal\/wp-json\/wp\/v2\/tags?post=69048"}],"curies":[{"name":"wp","href":"https:\/\/api.w.org\/{rel}","templated":true}]}}