{"id":69051,"date":"2023-09-30T13:00:00","date_gmt":"2023-09-30T16:00:00","guid":{"rendered":"https:\/\/tvc16.com\/portal\/?p=69051"},"modified":"2023-09-29T07:43:43","modified_gmt":"2023-09-29T10:43:43","slug":"cancelamento-de-mei-especialista-em-direito-orienta-quem-esta-inadimplente","status":"publish","type":"post","link":"https:\/\/tvc16.com\/portal\/2023\/09\/30\/cancelamento-de-mei-especialista-em-direito-orienta-quem-esta-inadimplente\/","title":{"rendered":"Cancelamento de Mei \u2013 Especialista em direito orienta quem est\u00e1 inadimplente"},"content":{"rendered":"\n<p><em>Microempreendedores ter\u00e3o at\u00e9 30 dias para se regularizar<\/em><\/p>\n\n\n\n<p>Com a not\u00edcia de que o governo federal ir\u00e1 notificar os microempreendedores que est\u00e3o inadimplentes com os impostos mensais do Simples Nacional, muitas d\u00favidas surgem quanto a suspens\u00e3o e o cancelamento do registro de Microempreendedor Individual, no Brasil. Para esclarecer alguns pontos, o professor de Direito da Est\u00e1cio, F\u00e1bio Santos, adianta que \u00e9 essencial que os empres\u00e1rios que saibam desses d\u00e9bitos, entrem em contato com urg\u00eancia com um contador ou com a Receita Federal para regularizar ou solicitar os parcelamentos.<\/p>\n\n\n\n<p>\u201cNa pr\u00e1tica, o Simples Nacional n\u00e3o vai acabar. O que acontece \u00e9 que o empres\u00e1rio que est\u00e1 devendo a mensalidade, n\u00e3o efetuar o pagamento ou solicitar o parcelamento, ter\u00e1 o CNPJ cancelado e s\u00f3 ir\u00e1 poder requerer esta regulariza\u00e7\u00e3o ano que vem, isso se estiver dispon\u00edvel essa modalidade de quita\u00e7\u00e3o de d\u00edvidas. O que acontece agora, \u00e9 que quem for notificado, a partir da comunica\u00e7\u00e3o, ainda ter\u00e1 uma outra oportunidade, de 30 dias, a\u00ed se n\u00e3o pagar ou parcelar o d\u00e9bito, vai cancelar e s\u00f3 vai poder buscar regulariza\u00e7\u00e3o, no pr\u00f3ximo ano. Ent\u00e3o, se o microempreendedor sabe que est\u00e1 com d\u00edvidas em aberto, \u00e9 melhor regularizar-se o quanto antes\u201d, adiantou.<\/p>\n\n\n\n<p>Para o especialista em direito s\u00e3o muitas as vantagens de continuar prestando servi\u00e7o como Mei, no Brasil. \u201cEste formato de contrata\u00e7\u00e3o permite que voc\u00ea trabalhe de forma regularizada para diversas empresas e\/ ou forne\u00e7a servi\u00e7os especializados. Por isso, esse assunto deve ser tratado com urg\u00eancia, j\u00e1 que a aus\u00eancia de pagamentos pode acarretar cancelamento do CNPJ\u201d, explica o especialista da Est\u00e1cio. E para quem n\u00e3o sabe onde se informar, F\u00e1bio aponta tr\u00eas dicas:<\/p>\n\n\n\n<p>1) Entre no portal do Empreendedor e busque formalizar os pagamentos em atraso;<\/p>\n\n\n\n<p>2) Caso n\u00e3o entenda sobre o tema, contate um contador ou advogado tribut\u00e1rio;<\/p>\n\n\n\n<p>3) Mantenha sempre seus dados e da empresa atualizados.<\/p>\n","protected":false},"excerpt":{"rendered":"<p>Microempreendedores ter\u00e3o at\u00e9 30 dias para se regularizar Com a not\u00edcia de que o governo<\/p>\n","protected":false},"author":2,"featured_media":0,"comment_status":"open","ping_status":"open","sticky":false,"template":"","format":"standard","meta":{"footnotes":""},"categories":[12],"tags":[],"class_list":["post-69051","post","type-post","status-publish","format-standard","hentry","category-cidade"],"_links":{"self":[{"href":"https:\/\/tvc16.com\/portal\/wp-json\/wp\/v2\/posts\/69051","targetHints":{"allow":["GET"]}}],"collection":[{"href":"https:\/\/tvc16.com\/portal\/wp-json\/wp\/v2\/posts"}],"about":[{"href":"https:\/\/tvc16.com\/portal\/wp-json\/wp\/v2\/types\/post"}],"author":[{"embeddable":true,"href":"https:\/\/tvc16.com\/portal\/wp-json\/wp\/v2\/users\/2"}],"replies":[{"embeddable":true,"href":"https:\/\/tvc16.com\/portal\/wp-json\/wp\/v2\/comments?post=69051"}],"version-history":[{"count":1,"href":"https:\/\/tvc16.com\/portal\/wp-json\/wp\/v2\/posts\/69051\/revisions"}],"predecessor-version":[{"id":69053,"href":"https:\/\/tvc16.com\/portal\/wp-json\/wp\/v2\/posts\/69051\/revisions\/69053"}],"wp:attachment":[{"href":"https:\/\/tvc16.com\/portal\/wp-json\/wp\/v2\/media?parent=69051"}],"wp:term":[{"taxonomy":"category","embeddable":true,"href":"https:\/\/tvc16.com\/portal\/wp-json\/wp\/v2\/categories?post=69051"},{"taxonomy":"post_tag","embeddable":true,"href":"https:\/\/tvc16.com\/portal\/wp-json\/wp\/v2\/tags?post=69051"}],"curies":[{"name":"wp","href":"https:\/\/api.w.org\/{rel}","templated":true}]}}